{"id":9642,"date":"2020-01-24T19:39:50","date_gmt":"2020-01-24T19:39:50","guid":{"rendered":"https:\/\/www.sadcmegantic.ca\/nouveaux-proprietaires-pour-vitrerie-megantic-et-la-garde-du-roy\/"},"modified":"2020-01-24T19:39:50","modified_gmt":"2020-01-24T19:39:50","slug":"nouveaux-proprietaires-pour-vitrerie-megantic-et-la-garde-du-roy","status":"publish","type":"post","link":"https:\/\/www.sadcmegantic.ca\/en\/nouveaux-proprietaires-pour-vitrerie-megantic-et-la-garde-du-roy\/","title":{"rendered":"Nouveaux propri\u00e9taires pour Vitrerie M\u00e9gantic et la Garde du Roy"},"content":{"rendered":"<p>Vitrerie M\u00e9gantic et la Garde du Roy poursuivront leurs activit\u00e9s avec de nouveaux propri\u00e9taires.\u00a0 Situ\u00e9s rue Salaberry \u00e0 Lac-M\u00e9gantic, ces commerces sont maintenant la propri\u00e9t\u00e9 de Pascal Dion et M\u00e9lanie Cameron.<\/p>\n<p>Avec de nombreuses ann\u00e9es d\u2019exp\u00e9rience en affaires, M. Dion se r\u00e9jouit de pouvoir mettre \u00e0 contribution ses comp\u00e9tences manuelles et servir la client\u00e8le actuelle et future de ces entreprises \u00e9tablies depuis plusieurs d\u00e9cennies \u00e0 Lac-M\u00e9gantic.\u00a0 Rappelons quelques produits et services de ces commerces\u00a0: vente et installation de rampes et gardes de toutes sortes (aluminium, PVC, verre), de rev\u00eatement de plancher pour patios et galeries (membrane et aluminium), d\u2019auvents r\u00e9sidentiel ou commercial,\u00a0 le service de r\u00e9paration et remplacement de vitres ou de thermos, la fabrication et vente de miroirs, ainsi que la r\u00e9paration et fabrication de moustiquaires, pour ne nommer que ceux-l\u00e0.<\/p>\n<p>Gr\u00e2ce, notamment, au soutien technique et financier de la SADC, les nouveaux propri\u00e9taires ont pu concr\u00e9tiser ce projet stimulant leur go\u00fbt du d\u00e9fi et leur fibre entrepreneuriale.\u00a0\u00a0\u00a0 Desjardins est aussi impliqu\u00e9 comme partenaire financier de cette transaction.<\/p>\n<p><strong>\u00c0 propos de la SADC de la r\u00e9gion de M\u00e9gantic<\/strong><\/p>\n<p>La SADC de la r\u00e9gion de M\u00e9gantic est un organisme \u00e0 but non lucratif dirig\u00e9 par un conseil d\u2019administration compos\u00e9 de 14 membres b\u00e9n\u00e9voles et appuy\u00e9 par D\u00e9veloppement \u00e9conomique Canada. Ayant pour mission de favoriser le d\u00e9veloppement \u00e9conomique et social de la MRC du Granit, la SADC accompagne depuis pr\u00e8s de 35 ans sa collectivit\u00e9 \u00e0 la mise sur pied de projets.<\/p>\n","protected":false},"excerpt":{"rendered":"<p>Vitrerie M\u00e9gantic et la Garde du Roy poursuivront leurs activit\u00e9s avec de nouveaux propri\u00e9taires.\u00a0 Situ\u00e9s rue Salaberry \u00e0 Lac-M\u00e9gantic, ces commerces sont maintenant la propri\u00e9t\u00e9 de Pascal Dion et M\u00e9lanie [&hellip;]<\/p>\n","protected":false},"author":1,"featured_media":3310,"comment_status":"open","ping_status":"open","sticky":false,"template":"","format":"standard","meta":{"footnotes":""},"categories":[94],"tags":[],"class_list":["post-9642","post","type-post","status-publish","format-standard","has-post-thumbnail","hentry","category-communiques-en"],"yoast_head":"<!-- This site is optimized with the Yoast SEO plugin v24.6 - https:\/\/yoast.com\/wordpress\/plugins\/seo\/ -->\n<title>Nouveaux propri\u00e9taires pour Vitrerie M\u00e9gantic et la Garde du Roy &#8212; SADC r\u00e9gion de M\u00e9gantic<\/title>\n<meta name=\"robots\" content=\"index, follow, max-snippet:-1, max-image-preview:large, max-video-preview:-1\" \/>\n<link rel=\"canonical\" href=\"https:\/\/www.sadcmegantic.ca\/en\/nouveaux-proprietaires-pour-vitrerie-megantic-et-la-garde-du-roy\/\" \/>\n<meta property=\"og:locale\" content=\"en_US\" \/>\n<meta property=\"og:type\" content=\"article\" \/>\n<meta property=\"og:title\" content=\"Nouveaux propri\u00e9taires pour Vitrerie M\u00e9gantic et la Garde du Roy &#8212; SADC r\u00e9gion de M\u00e9gantic\" \/>\n<meta property=\"og:description\" content=\"Vitrerie M\u00e9gantic et la Garde du Roy poursuivront leurs activit\u00e9s avec de nouveaux propri\u00e9taires.\u00a0 Situ\u00e9s rue Salaberry \u00e0 Lac-M\u00e9gantic, ces commerces sont maintenant la propri\u00e9t\u00e9 de Pascal Dion et M\u00e9lanie [&hellip;]\" \/>\n<meta property=\"og:url\" content=\"https:\/\/www.sadcmegantic.ca\/en\/nouveaux-proprietaires-pour-vitrerie-megantic-et-la-garde-du-roy\/\" \/>\n<meta property=\"og:site_name\" content=\"SADC r\u00e9gion de M\u00e9gantic\" \/>\n<meta property=\"article:publisher\" content=\"https:\/\/www.facebook.com\/sadcmegantic\/\" \/>\n<meta property=\"article:published_time\" content=\"2020-01-24T19:39:50+00:00\" \/>\n<meta name=\"author\" content=\"programmationsr\" \/>\n<meta name=\"twitter:card\" content=\"summary_large_image\" \/>\n<meta name=\"twitter:label1\" content=\"Written by\" \/>\n\t<meta name=\"twitter:data1\" content=\"programmationsr\" \/>\n\t<meta name=\"twitter:label2\" content=\"Est. reading time\" \/>\n\t<meta name=\"twitter:data2\" content=\"1 minute\" \/>\n<script type=\"application\/ld+json\" class=\"yoast-schema-graph\">{\"@context\":\"https:\/\/schema.org\",\"@graph\":[{\"@type\":\"Article\",\"@id\":\"https:\/\/www.sadcmegantic.ca\/en\/nouveaux-proprietaires-pour-vitrerie-megantic-et-la-garde-du-roy\/#article\",\"isPartOf\":{\"@id\":\"https:\/\/www.sadcmegantic.ca\/en\/nouveaux-proprietaires-pour-vitrerie-megantic-et-la-garde-du-roy\/\"},\"author\":{\"name\":\"programmationsr\",\"@id\":\"https:\/\/www.sadcmegantic.ca\/en\/#\/schema\/person\/ae7ae952db35be3441cb874ca432f3a0\"},\"headline\":\"Nouveaux propri\u00e9taires pour Vitrerie M\u00e9gantic et la Garde du Roy\",\"datePublished\":\"2020-01-24T19:39:50+00:00\",\"mainEntityOfPage\":{\"@id\":\"https:\/\/www.sadcmegantic.ca\/en\/nouveaux-proprietaires-pour-vitrerie-megantic-et-la-garde-du-roy\/\"},\"wordCount\":280,\"commentCount\":0,\"publisher\":{\"@id\":\"https:\/\/www.sadcmegantic.ca\/en\/#organization\"},\"image\":{\"@id\":\"https:\/\/www.sadcmegantic.ca\/en\/nouveaux-proprietaires-pour-vitrerie-megantic-et-la-garde-du-roy\/#primaryimage\"},\"thumbnailUrl\":\"https:\/\/www.sadcmegantic.ca\/wp-content\/uploads\/2020\/03\/Pascal-Dion-Vitrerie-Megantic-YNadeau-SADC.jpg\",\"articleSection\":[\"Communiqu\u00e9s\"],\"inLanguage\":\"en-US\",\"potentialAction\":[{\"@type\":\"CommentAction\",\"name\":\"Comment\",\"target\":[\"https:\/\/www.sadcmegantic.ca\/en\/nouveaux-proprietaires-pour-vitrerie-megantic-et-la-garde-du-roy\/#respond\"]}]},{\"@type\":\"WebPage\",\"@id\":\"https:\/\/www.sadcmegantic.ca\/en\/nouveaux-proprietaires-pour-vitrerie-megantic-et-la-garde-du-roy\/\",\"url\":\"https:\/\/www.sadcmegantic.ca\/en\/nouveaux-proprietaires-pour-vitrerie-megantic-et-la-garde-du-roy\/\",\"name\":\"Nouveaux propri\u00e9taires pour Vitrerie M\u00e9gantic et la Garde du Roy &#8212; SADC r\u00e9gion de M\u00e9gantic\",\"isPartOf\":{\"@id\":\"https:\/\/www.sadcmegantic.ca\/en\/#website\"},\"primaryImageOfPage\":{\"@id\":\"https:\/\/www.sadcmegantic.ca\/en\/nouveaux-proprietaires-pour-vitrerie-megantic-et-la-garde-du-roy\/#primaryimage\"},\"image\":{\"@id\":\"https:\/\/www.sadcmegantic.ca\/en\/nouveaux-proprietaires-pour-vitrerie-megantic-et-la-garde-du-roy\/#primaryimage\"},\"thumbnailUrl\":\"https:\/\/www.sadcmegantic.ca\/wp-content\/uploads\/2020\/03\/Pascal-Dion-Vitrerie-Megantic-YNadeau-SADC.jpg\",\"datePublished\":\"2020-01-24T19:39:50+00:00\",\"breadcrumb\":{\"@id\":\"https:\/\/www.sadcmegantic.ca\/en\/nouveaux-proprietaires-pour-vitrerie-megantic-et-la-garde-du-roy\/#breadcrumb\"},\"inLanguage\":\"en-US\",\"potentialAction\":[{\"@type\":\"ReadAction\",\"target\":[\"https:\/\/www.sadcmegantic.ca\/en\/nouveaux-proprietaires-pour-vitrerie-megantic-et-la-garde-du-roy\/\"]}]},{\"@type\":\"ImageObject\",\"inLanguage\":\"en-US\",\"@id\":\"https:\/\/www.sadcmegantic.ca\/en\/nouveaux-proprietaires-pour-vitrerie-megantic-et-la-garde-du-roy\/#primaryimage\",\"url\":\"https:\/\/www.sadcmegantic.ca\/wp-content\/uploads\/2020\/03\/Pascal-Dion-Vitrerie-Megantic-YNadeau-SADC.jpg\",\"contentUrl\":\"https:\/\/www.sadcmegantic.ca\/wp-content\/uploads\/2020\/03\/Pascal-Dion-Vitrerie-Megantic-YNadeau-SADC.jpg\",\"width\":2133,\"height\":1960},{\"@type\":\"BreadcrumbList\",\"@id\":\"https:\/\/www.sadcmegantic.ca\/en\/nouveaux-proprietaires-pour-vitrerie-megantic-et-la-garde-du-roy\/#breadcrumb\",\"itemListElement\":[{\"@type\":\"ListItem\",\"position\":1,\"name\":\"Accueil\",\"item\":\"https:\/\/www.sadcmegantic.ca\/en\/\"},{\"@type\":\"ListItem\",\"position\":2,\"name\":\"Nouveaux propri\u00e9taires pour Vitrerie M\u00e9gantic et la Garde du Roy\"}]},{\"@type\":\"WebSite\",\"@id\":\"https:\/\/www.sadcmegantic.ca\/en\/#website\",\"url\":\"https:\/\/www.sadcmegantic.ca\/en\/\",\"name\":\"SADC r\u00e9gion de Lac-M\u00e9gantic\",\"description\":\"40 years of support, financing and development\",\"publisher\":{\"@id\":\"https:\/\/www.sadcmegantic.ca\/en\/#organization\"},\"potentialAction\":[{\"@type\":\"SearchAction\",\"target\":{\"@type\":\"EntryPoint\",\"urlTemplate\":\"https:\/\/www.sadcmegantic.ca\/en\/?s={search_term_string}\"},\"query-input\":{\"@type\":\"PropertyValueSpecification\",\"valueRequired\":true,\"valueName\":\"search_term_string\"}}],\"inLanguage\":\"en-US\"},{\"@type\":\"Organization\",\"@id\":\"https:\/\/www.sadcmegantic.ca\/en\/#organization\",\"name\":\"SADC r\u00e9gion de M\u00e9gantic\",\"url\":\"https:\/\/www.sadcmegantic.ca\/en\/\",\"logo\":{\"@type\":\"ImageObject\",\"inLanguage\":\"en-US\",\"@id\":\"https:\/\/www.sadcmegantic.ca\/en\/#\/schema\/logo\/image\/\",\"url\":\"https:\/\/www.sadcmegantic.ca\/wp-content\/uploads\/2020\/01\/logo-sadc-region-de-megantic-e1579289570938.png\",\"contentUrl\":\"https:\/\/www.sadcmegantic.ca\/wp-content\/uploads\/2020\/01\/logo-sadc-region-de-megantic-e1579289570938.png\",\"width\":171,\"height\":80,\"caption\":\"SADC r\u00e9gion de M\u00e9gantic\"},\"image\":{\"@id\":\"https:\/\/www.sadcmegantic.ca\/en\/#\/schema\/logo\/image\/\"},\"sameAs\":[\"https:\/\/www.facebook.com\/sadcmegantic\/\"]},{\"@type\":\"Person\",\"@id\":\"https:\/\/www.sadcmegantic.ca\/en\/#\/schema\/person\/ae7ae952db35be3441cb874ca432f3a0\",\"name\":\"programmationsr\",\"image\":{\"@type\":\"ImageObject\",\"inLanguage\":\"en-US\",\"@id\":\"https:\/\/www.sadcmegantic.ca\/en\/#\/schema\/person\/image\/\",\"url\":\"https:\/\/secure.gravatar.com\/avatar\/9643b864b4169c0181639ea70fb845dc?s=96&d=mm&r=g\",\"contentUrl\":\"https:\/\/secure.gravatar.com\/avatar\/9643b864b4169c0181639ea70fb845dc?s=96&d=mm&r=g\",\"caption\":\"programmationsr\"}}]}<\/script>\n<!-- \/ Yoast SEO plugin. -->","yoast_head_json":{"title":"Nouveaux propri\u00e9taires pour Vitrerie M\u00e9gantic et la Garde du Roy &#8212; SADC r\u00e9gion de M\u00e9gantic","robots":{"index":"index","follow":"follow","max-snippet":"max-snippet:-1","max-image-preview":"max-image-preview:large","max-video-preview":"max-video-preview:-1"},"canonical":"https:\/\/www.sadcmegantic.ca\/en\/nouveaux-proprietaires-pour-vitrerie-megantic-et-la-garde-du-roy\/","og_locale":"en_US","og_type":"article","og_title":"Nouveaux propri\u00e9taires pour Vitrerie M\u00e9gantic et la Garde du Roy &#8212; SADC r\u00e9gion de M\u00e9gantic","og_description":"Vitrerie M\u00e9gantic et la Garde du Roy poursuivront leurs activit\u00e9s avec de nouveaux propri\u00e9taires.\u00a0 Situ\u00e9s rue Salaberry \u00e0 Lac-M\u00e9gantic, ces commerces sont maintenant la propri\u00e9t\u00e9 de Pascal Dion et M\u00e9lanie [&hellip;]","og_url":"https:\/\/www.sadcmegantic.ca\/en\/nouveaux-proprietaires-pour-vitrerie-megantic-et-la-garde-du-roy\/","og_site_name":"SADC r\u00e9gion de M\u00e9gantic","article_publisher":"https:\/\/www.facebook.com\/sadcmegantic\/","article_published_time":"2020-01-24T19:39:50+00:00","author":"programmationsr","twitter_card":"summary_large_image","twitter_misc":{"Written by":"programmationsr","Est. reading time":"1 minute"},"schema":{"@context":"https:\/\/schema.org","@graph":[{"@type":"Article","@id":"https:\/\/www.sadcmegantic.ca\/en\/nouveaux-proprietaires-pour-vitrerie-megantic-et-la-garde-du-roy\/#article","isPartOf":{"@id":"https:\/\/www.sadcmegantic.ca\/en\/nouveaux-proprietaires-pour-vitrerie-megantic-et-la-garde-du-roy\/"},"author":{"name":"programmationsr","@id":"https:\/\/www.sadcmegantic.ca\/en\/#\/schema\/person\/ae7ae952db35be3441cb874ca432f3a0"},"headline":"Nouveaux propri\u00e9taires pour Vitrerie M\u00e9gantic et la Garde du Roy","datePublished":"2020-01-24T19:39:50+00:00","mainEntityOfPage":{"@id":"https:\/\/www.sadcmegantic.ca\/en\/nouveaux-proprietaires-pour-vitrerie-megantic-et-la-garde-du-roy\/"},"wordCount":280,"commentCount":0,"publisher":{"@id":"https:\/\/www.sadcmegantic.ca\/en\/#organization"},"image":{"@id":"https:\/\/www.sadcmegantic.ca\/en\/nouveaux-proprietaires-pour-vitrerie-megantic-et-la-garde-du-roy\/#primaryimage"},"thumbnailUrl":"https:\/\/www.sadcmegantic.ca\/wp-content\/uploads\/2020\/03\/Pascal-Dion-Vitrerie-Megantic-YNadeau-SADC.jpg","articleSection":["Communiqu\u00e9s"],"inLanguage":"en-US","potentialAction":[{"@type":"CommentAction","name":"Comment","target":["https:\/\/www.sadcmegantic.ca\/en\/nouveaux-proprietaires-pour-vitrerie-megantic-et-la-garde-du-roy\/#respond"]}]},{"@type":"WebPage","@id":"https:\/\/www.sadcmegantic.ca\/en\/nouveaux-proprietaires-pour-vitrerie-megantic-et-la-garde-du-roy\/","url":"https:\/\/www.sadcmegantic.ca\/en\/nouveaux-proprietaires-pour-vitrerie-megantic-et-la-garde-du-roy\/","name":"Nouveaux propri\u00e9taires pour Vitrerie M\u00e9gantic et la Garde du Roy &#8212; SADC r\u00e9gion de M\u00e9gantic","isPartOf":{"@id":"https:\/\/www.sadcmegantic.ca\/en\/#website"},"primaryImageOfPage":{"@id":"https:\/\/www.sadcmegantic.ca\/en\/nouveaux-proprietaires-pour-vitrerie-megantic-et-la-garde-du-roy\/#primaryimage"},"image":{"@id":"https:\/\/www.sadcmegantic.ca\/en\/nouveaux-proprietaires-pour-vitrerie-megantic-et-la-garde-du-roy\/#primaryimage"},"thumbnailUrl":"https:\/\/www.sadcmegantic.ca\/wp-content\/uploads\/2020\/03\/Pascal-Dion-Vitrerie-Megantic-YNadeau-SADC.jpg","datePublished":"2020-01-24T19:39:50+00:00","breadcrumb":{"@id":"https:\/\/www.sadcmegantic.ca\/en\/nouveaux-proprietaires-pour-vitrerie-megantic-et-la-garde-du-roy\/#breadcrumb"},"inLanguage":"en-US","potentialAction":[{"@type":"ReadAction","target":["https:\/\/www.sadcmegantic.ca\/en\/nouveaux-proprietaires-pour-vitrerie-megantic-et-la-garde-du-roy\/"]}]},{"@type":"ImageObject","inLanguage":"en-US","@id":"https:\/\/www.sadcmegantic.ca\/en\/nouveaux-proprietaires-pour-vitrerie-megantic-et-la-garde-du-roy\/#primaryimage","url":"https:\/\/www.sadcmegantic.ca\/wp-content\/uploads\/2020\/03\/Pascal-Dion-Vitrerie-Megantic-YNadeau-SADC.jpg","contentUrl":"https:\/\/www.sadcmegantic.ca\/wp-content\/uploads\/2020\/03\/Pascal-Dion-Vitrerie-Megantic-YNadeau-SADC.jpg","width":2133,"height":1960},{"@type":"BreadcrumbList","@id":"https:\/\/www.sadcmegantic.ca\/en\/nouveaux-proprietaires-pour-vitrerie-megantic-et-la-garde-du-roy\/#breadcrumb","itemListElement":[{"@type":"ListItem","position":1,"name":"Accueil","item":"https:\/\/www.sadcmegantic.ca\/en\/"},{"@type":"ListItem","position":2,"name":"Nouveaux propri\u00e9taires pour Vitrerie M\u00e9gantic et la Garde du Roy"}]},{"@type":"WebSite","@id":"https:\/\/www.sadcmegantic.ca\/en\/#website","url":"https:\/\/www.sadcmegantic.ca\/en\/","name":"SADC r\u00e9gion de Lac-M\u00e9gantic","description":"40 years of support, financing and development","publisher":{"@id":"https:\/\/www.sadcmegantic.ca\/en\/#organization"},"potentialAction":[{"@type":"SearchAction","target":{"@type":"EntryPoint","urlTemplate":"https:\/\/www.sadcmegantic.ca\/en\/?s={search_term_string}"},"query-input":{"@type":"PropertyValueSpecification","valueRequired":true,"valueName":"search_term_string"}}],"inLanguage":"en-US"},{"@type":"Organization","@id":"https:\/\/www.sadcmegantic.ca\/en\/#organization","name":"SADC r\u00e9gion de M\u00e9gantic","url":"https:\/\/www.sadcmegantic.ca\/en\/","logo":{"@type":"ImageObject","inLanguage":"en-US","@id":"https:\/\/www.sadcmegantic.ca\/en\/#\/schema\/logo\/image\/","url":"https:\/\/www.sadcmegantic.ca\/wp-content\/uploads\/2020\/01\/logo-sadc-region-de-megantic-e1579289570938.png","contentUrl":"https:\/\/www.sadcmegantic.ca\/wp-content\/uploads\/2020\/01\/logo-sadc-region-de-megantic-e1579289570938.png","width":171,"height":80,"caption":"SADC r\u00e9gion de M\u00e9gantic"},"image":{"@id":"https:\/\/www.sadcmegantic.ca\/en\/#\/schema\/logo\/image\/"},"sameAs":["https:\/\/www.facebook.com\/sadcmegantic\/"]},{"@type":"Person","@id":"https:\/\/www.sadcmegantic.ca\/en\/#\/schema\/person\/ae7ae952db35be3441cb874ca432f3a0","name":"programmationsr","image":{"@type":"ImageObject","inLanguage":"en-US","@id":"https:\/\/www.sadcmegantic.ca\/en\/#\/schema\/person\/image\/","url":"https:\/\/secure.gravatar.com\/avatar\/9643b864b4169c0181639ea70fb845dc?s=96&d=mm&r=g","contentUrl":"https:\/\/secure.gravatar.com\/avatar\/9643b864b4169c0181639ea70fb845dc?s=96&d=mm&r=g","caption":"programmationsr"}}]}},"_links":{"self":[{"href":"https:\/\/www.sadcmegantic.ca\/en\/wp-json\/wp\/v2\/posts\/9642","targetHints":{"allow":["GET"]}}],"collection":[{"href":"https:\/\/www.sadcmegantic.ca\/en\/wp-json\/wp\/v2\/posts"}],"about":[{"href":"https:\/\/www.sadcmegantic.ca\/en\/wp-json\/wp\/v2\/types\/post"}],"author":[{"embeddable":true,"href":"https:\/\/www.sadcmegantic.ca\/en\/wp-json\/wp\/v2\/users\/1"}],"replies":[{"embeddable":true,"href":"https:\/\/www.sadcmegantic.ca\/en\/wp-json\/wp\/v2\/comments?post=9642"}],"version-history":[{"count":0,"href":"https:\/\/www.sadcmegantic.ca\/en\/wp-json\/wp\/v2\/posts\/9642\/revisions"}],"wp:featuredmedia":[{"embeddable":true,"href":"https:\/\/www.sadcmegantic.ca\/en\/wp-json\/wp\/v2\/media\/3310"}],"wp:attachment":[{"href":"https:\/\/www.sadcmegantic.ca\/en\/wp-json\/wp\/v2\/media?parent=9642"}],"wp:term":[{"taxonomy":"category","embeddable":true,"href":"https:\/\/www.sadcmegantic.ca\/en\/wp-json\/wp\/v2\/categories?post=9642"},{"taxonomy":"post_tag","embeddable":true,"href":"https:\/\/www.sadcmegantic.ca\/en\/wp-json\/wp\/v2\/tags?post=9642"}],"curies":[{"name":"wp","href":"https:\/\/api.w.org\/{rel}","templated":true}]}}