{"id":9634,"date":"2020-02-04T18:07:11","date_gmt":"2020-02-04T18:07:11","guid":{"rendered":"https:\/\/www.sadcmegantic.ca\/cocktail-des-nouveaux-entrepreneurs-un-evenement-qui-vous-concerne\/"},"modified":"2020-02-04T18:07:11","modified_gmt":"2020-02-04T18:07:11","slug":"cocktail-des-nouveaux-entrepreneurs-un-evenement-qui-vous-concerne","status":"publish","type":"post","link":"https:\/\/www.sadcmegantic.ca\/en\/cocktail-des-nouveaux-entrepreneurs-un-evenement-qui-vous-concerne\/","title":{"rendered":"Cocktail des nouveaux entrepreneurs : un \u00e9v\u00e9nement qui vous concerne?"},"content":{"rendered":"<p>La septi\u00e8me \u00e9dition du <strong><em>Cocktail des nouveaux entrepreneurs<\/em><\/strong> se tiendra le 13 mai 2020 au Club de golf du lac M\u00e9gantic. Elle se d\u00e9roulera sous la pr\u00e9sidence d\u2019honneur de monsieur Roy Jara, propri\u00e9taire de Soudure RJ \u00e0 Courcelles, honor\u00e9 lors de la cuv\u00e9e de 2018.<\/p>\n<p><em>\u00ab C\u2019est avec beaucoup de fiert\u00e9 que j\u2019ai accept\u00e9 d\u2019\u00eatre le pr\u00e9sident d\u2019honneur de cet \u00e9v\u00e9nement, parce que je crois qu\u2019il est important que les nouveaux entrepreneurs se sentent soutenus et valoris\u00e9s dans le cheminement de leur entreprise. Cette reconnaissance et cet appui constituent, selon moi, une source significative de motivation vers la poursuite de leurs objectifs. \u00bb<\/em><\/p>\n<p>Organis\u00e9 conjointement par la Chambre de commerce r\u00e9gion de M\u00e9gantic, Commerce Lac-M\u00e9gantic, le Centre de formation professionnelle le Granit, la SADC de la r\u00e9gion de M\u00e9gantic et la SDE du Granit, cet \u00e9v\u00e9nement bisannuel vise \u00e0 faire conna\u00eetre et \u00e0 reconna\u00eetre les nouveaux entrepreneurs de la MRC du Granit.\u00a0 Les reconnaissances sont attribu\u00e9es selon deux cat\u00e9gories\u00a0: d\u00e9marrage ou acquisition\/rel\u00e8ve. \u00a0Le comit\u00e9 rappelle que le Cocktail des nouveaux entrepreneurs n\u2019est pas un concours mais la candidature doit tout de m\u00eame r\u00e9pondre \u00e0 certains crit\u00e8res.<\/p>\n<p><strong>Voici les crit\u00e8res d\u2019admissibilit\u00e9\u00a0:<\/strong><\/p>\n<ul>\n<li>L\u2019entrepreneur doit travailler dans l\u2019entreprise et celle-ci doit avoir une existence juridique (NEQ);<\/li>\n<li>Dans le cas d\u2019une rel\u00e8ve ou d\u2019une acquisition d\u2019entreprise, l\u2019entrepreneur doit d\u00e9tenir au moins 25 % des parts;<\/li>\n<li>Pour l\u2019entrepreneur, il doit s\u2019agir de la cr\u00e9ation d\u2019une premi\u00e8re entreprise ou d\u2019une premi\u00e8re acquisition d\u2019entreprise sur le territoire de la MRC du Granit;<\/li>\n<li>La date de d\u00e9marrage ou d\u2019acquisition de l\u2019entreprise du nouvel entrepreneur doit se situer entre le 1er mai 2017 et le 1er janvier 2020. Par d\u00e9marrage s\u2019entend ouverture du commerce ou d\u00e9but des op\u00e9rations<\/li>\n<li>L\u2019entrepreneur doit accepter d\u2019\u00eatre honor\u00e9 et \u00eatre pr\u00e9sent \u00e0 l\u2019\u00e9v\u00e9nement du 13 mai.<\/li>\n<\/ul>\n<p>Les nouveaux entrepreneurs r\u00e9pondant aux crit\u00e8res d\u2019admissibilit\u00e9 sont donc invit\u00e9s \u00e0 s\u2019inscrire en contactant Sonia Pag\u00e9 de la SADC au 819\u00a0583-5332 ou \u00e0 spage@sadcmegantic.ca. La date limite d\u2019inscription est le 21 f\u00e9vrier 2020.<\/p>\n<p>En plus de la mise en valeur de ces nouveaux entrepreneurs, le <strong><em>Cocktail des nouveaux entrepreneurs<\/em><\/strong> a pour but de promouvoir et valoriser l\u2019entrepreneuriat et de t\u00e9moigner du dynamisme de la r\u00e9gion. L\u2019\u00e9v\u00e9nement accueillera aussi les entrepreneurs d\u00e9j\u00e0 \u00e9tablis dans la MRC du Granit afin de les mettre en contact avec les nouveaux venus et de favoriser leur int\u00e9gration au milieu des affaires.<\/p>\n<p>Photo\u00a0: Cl\u00e9ment Chaput SDEG, Sonia Pag\u00e9, SADC r\u00e9gion de M\u00e9gantic, M\u00e9lanie Gagn\u00e9, Commerce Lac-M\u00e9gantic, Isabelle Hall\u00e9, CFP Le Granit et Roy Jara, pr\u00e9sident d\u2019honneur<\/p>\n","protected":false},"excerpt":{"rendered":"<p>La septi\u00e8me \u00e9dition du Cocktail des nouveaux entrepreneurs se tiendra le 13 mai 2020 au Club de golf du lac M\u00e9gantic. Elle se d\u00e9roulera sous la pr\u00e9sidence d\u2019honneur de monsieur [&hellip;]<\/p>\n","protected":false},"author":1,"featured_media":3294,"comment_status":"open","ping_status":"open","sticky":false,"template":"","format":"standard","meta":{"footnotes":""},"categories":[94],"tags":[],"class_list":["post-9634","post","type-post","status-publish","format-standard","has-post-thumbnail","hentry","category-communiques-en"],"yoast_head":"<!-- This site is optimized with the Yoast SEO plugin v24.6 - https:\/\/yoast.com\/wordpress\/plugins\/seo\/ -->\n<title>Cocktail des nouveaux entrepreneurs : un \u00e9v\u00e9nement qui vous concerne? &#8212; SADC r\u00e9gion de M\u00e9gantic<\/title>\n<meta name=\"robots\" content=\"index, follow, max-snippet:-1, max-image-preview:large, max-video-preview:-1\" \/>\n<link rel=\"canonical\" href=\"https:\/\/www.sadcmegantic.ca\/en\/cocktail-des-nouveaux-entrepreneurs-un-evenement-qui-vous-concerne\/\" \/>\n<meta property=\"og:locale\" content=\"en_US\" \/>\n<meta property=\"og:type\" content=\"article\" \/>\n<meta property=\"og:title\" content=\"Cocktail des nouveaux entrepreneurs : un \u00e9v\u00e9nement qui vous concerne? &#8212; SADC r\u00e9gion de M\u00e9gantic\" \/>\n<meta property=\"og:description\" content=\"La septi\u00e8me \u00e9dition du Cocktail des nouveaux entrepreneurs se tiendra le 13 mai 2020 au Club de golf du lac M\u00e9gantic. Elle se d\u00e9roulera sous la pr\u00e9sidence d\u2019honneur de monsieur [&hellip;]\" \/>\n<meta property=\"og:url\" content=\"https:\/\/www.sadcmegantic.ca\/en\/cocktail-des-nouveaux-entrepreneurs-un-evenement-qui-vous-concerne\/\" \/>\n<meta property=\"og:site_name\" content=\"SADC r\u00e9gion de M\u00e9gantic\" \/>\n<meta property=\"article:publisher\" content=\"https:\/\/www.facebook.com\/sadcmegantic\/\" \/>\n<meta property=\"article:published_time\" content=\"2020-02-04T18:07:11+00:00\" \/>\n<meta name=\"author\" content=\"programmationsr\" \/>\n<meta name=\"twitter:card\" content=\"summary_large_image\" \/>\n<meta name=\"twitter:label1\" content=\"Written by\" \/>\n\t<meta name=\"twitter:data1\" content=\"programmationsr\" \/>\n\t<meta name=\"twitter:label2\" content=\"Est. reading time\" \/>\n\t<meta name=\"twitter:data2\" content=\"2 minutes\" \/>\n<script type=\"application\/ld+json\" class=\"yoast-schema-graph\">{\"@context\":\"https:\/\/schema.org\",\"@graph\":[{\"@type\":\"Article\",\"@id\":\"https:\/\/www.sadcmegantic.ca\/en\/cocktail-des-nouveaux-entrepreneurs-un-evenement-qui-vous-concerne\/#article\",\"isPartOf\":{\"@id\":\"https:\/\/www.sadcmegantic.ca\/en\/cocktail-des-nouveaux-entrepreneurs-un-evenement-qui-vous-concerne\/\"},\"author\":{\"name\":\"programmationsr\",\"@id\":\"https:\/\/www.sadcmegantic.ca\/en\/#\/schema\/person\/ae7ae952db35be3441cb874ca432f3a0\"},\"headline\":\"Cocktail des nouveaux entrepreneurs : un \u00e9v\u00e9nement qui vous concerne?\",\"datePublished\":\"2020-02-04T18:07:11+00:00\",\"mainEntityOfPage\":{\"@id\":\"https:\/\/www.sadcmegantic.ca\/en\/cocktail-des-nouveaux-entrepreneurs-un-evenement-qui-vous-concerne\/\"},\"wordCount\":488,\"commentCount\":0,\"publisher\":{\"@id\":\"https:\/\/www.sadcmegantic.ca\/en\/#organization\"},\"image\":{\"@id\":\"https:\/\/www.sadcmegantic.ca\/en\/cocktail-des-nouveaux-entrepreneurs-un-evenement-qui-vous-concerne\/#primaryimage\"},\"thumbnailUrl\":\"https:\/\/www.sadcmegantic.ca\/wp-content\/uploads\/2020\/03\/comit\u00e9-Cocktail-NE-2020-avec-president-honneur.jpg\",\"articleSection\":[\"Communiqu\u00e9s\"],\"inLanguage\":\"en-US\",\"potentialAction\":[{\"@type\":\"CommentAction\",\"name\":\"Comment\",\"target\":[\"https:\/\/www.sadcmegantic.ca\/en\/cocktail-des-nouveaux-entrepreneurs-un-evenement-qui-vous-concerne\/#respond\"]}]},{\"@type\":\"WebPage\",\"@id\":\"https:\/\/www.sadcmegantic.ca\/en\/cocktail-des-nouveaux-entrepreneurs-un-evenement-qui-vous-concerne\/\",\"url\":\"https:\/\/www.sadcmegantic.ca\/en\/cocktail-des-nouveaux-entrepreneurs-un-evenement-qui-vous-concerne\/\",\"name\":\"Cocktail des nouveaux entrepreneurs : un \u00e9v\u00e9nement qui vous concerne? &#8212; SADC r\u00e9gion de M\u00e9gantic\",\"isPartOf\":{\"@id\":\"https:\/\/www.sadcmegantic.ca\/en\/#website\"},\"primaryImageOfPage\":{\"@id\":\"https:\/\/www.sadcmegantic.ca\/en\/cocktail-des-nouveaux-entrepreneurs-un-evenement-qui-vous-concerne\/#primaryimage\"},\"image\":{\"@id\":\"https:\/\/www.sadcmegantic.ca\/en\/cocktail-des-nouveaux-entrepreneurs-un-evenement-qui-vous-concerne\/#primaryimage\"},\"thumbnailUrl\":\"https:\/\/www.sadcmegantic.ca\/wp-content\/uploads\/2020\/03\/comit\u00e9-Cocktail-NE-2020-avec-president-honneur.jpg\",\"datePublished\":\"2020-02-04T18:07:11+00:00\",\"breadcrumb\":{\"@id\":\"https:\/\/www.sadcmegantic.ca\/en\/cocktail-des-nouveaux-entrepreneurs-un-evenement-qui-vous-concerne\/#breadcrumb\"},\"inLanguage\":\"en-US\",\"potentialAction\":[{\"@type\":\"ReadAction\",\"target\":[\"https:\/\/www.sadcmegantic.ca\/en\/cocktail-des-nouveaux-entrepreneurs-un-evenement-qui-vous-concerne\/\"]}]},{\"@type\":\"ImageObject\",\"inLanguage\":\"en-US\",\"@id\":\"https:\/\/www.sadcmegantic.ca\/en\/cocktail-des-nouveaux-entrepreneurs-un-evenement-qui-vous-concerne\/#primaryimage\",\"url\":\"https:\/\/www.sadcmegantic.ca\/wp-content\/uploads\/2020\/03\/comit\u00e9-Cocktail-NE-2020-avec-president-honneur.jpg\",\"contentUrl\":\"https:\/\/www.sadcmegantic.ca\/wp-content\/uploads\/2020\/03\/comit\u00e9-Cocktail-NE-2020-avec-president-honneur.jpg\",\"width\":2560,\"height\":1920},{\"@type\":\"BreadcrumbList\",\"@id\":\"https:\/\/www.sadcmegantic.ca\/en\/cocktail-des-nouveaux-entrepreneurs-un-evenement-qui-vous-concerne\/#breadcrumb\",\"itemListElement\":[{\"@type\":\"ListItem\",\"position\":1,\"name\":\"Accueil\",\"item\":\"https:\/\/www.sadcmegantic.ca\/en\/\"},{\"@type\":\"ListItem\",\"position\":2,\"name\":\"Cocktail des nouveaux entrepreneurs : un \u00e9v\u00e9nement qui vous concerne?\"}]},{\"@type\":\"WebSite\",\"@id\":\"https:\/\/www.sadcmegantic.ca\/en\/#website\",\"url\":\"https:\/\/www.sadcmegantic.ca\/en\/\",\"name\":\"SADC r\u00e9gion de Lac-M\u00e9gantic\",\"description\":\"40 years of support, financing and development\",\"publisher\":{\"@id\":\"https:\/\/www.sadcmegantic.ca\/en\/#organization\"},\"potentialAction\":[{\"@type\":\"SearchAction\",\"target\":{\"@type\":\"EntryPoint\",\"urlTemplate\":\"https:\/\/www.sadcmegantic.ca\/en\/?s={search_term_string}\"},\"query-input\":{\"@type\":\"PropertyValueSpecification\",\"valueRequired\":true,\"valueName\":\"search_term_string\"}}],\"inLanguage\":\"en-US\"},{\"@type\":\"Organization\",\"@id\":\"https:\/\/www.sadcmegantic.ca\/en\/#organization\",\"name\":\"SADC r\u00e9gion de M\u00e9gantic\",\"url\":\"https:\/\/www.sadcmegantic.ca\/en\/\",\"logo\":{\"@type\":\"ImageObject\",\"inLanguage\":\"en-US\",\"@id\":\"https:\/\/www.sadcmegantic.ca\/en\/#\/schema\/logo\/image\/\",\"url\":\"https:\/\/www.sadcmegantic.ca\/wp-content\/uploads\/2020\/01\/logo-sadc-region-de-megantic-e1579289570938.png\",\"contentUrl\":\"https:\/\/www.sadcmegantic.ca\/wp-content\/uploads\/2020\/01\/logo-sadc-region-de-megantic-e1579289570938.png\",\"width\":171,\"height\":80,\"caption\":\"SADC r\u00e9gion de M\u00e9gantic\"},\"image\":{\"@id\":\"https:\/\/www.sadcmegantic.ca\/en\/#\/schema\/logo\/image\/\"},\"sameAs\":[\"https:\/\/www.facebook.com\/sadcmegantic\/\"]},{\"@type\":\"Person\",\"@id\":\"https:\/\/www.sadcmegantic.ca\/en\/#\/schema\/person\/ae7ae952db35be3441cb874ca432f3a0\",\"name\":\"programmationsr\",\"image\":{\"@type\":\"ImageObject\",\"inLanguage\":\"en-US\",\"@id\":\"https:\/\/www.sadcmegantic.ca\/en\/#\/schema\/person\/image\/\",\"url\":\"https:\/\/secure.gravatar.com\/avatar\/9643b864b4169c0181639ea70fb845dc?s=96&d=mm&r=g\",\"contentUrl\":\"https:\/\/secure.gravatar.com\/avatar\/9643b864b4169c0181639ea70fb845dc?s=96&d=mm&r=g\",\"caption\":\"programmationsr\"}}]}<\/script>\n<!-- \/ Yoast SEO plugin. -->","yoast_head_json":{"title":"Cocktail des nouveaux entrepreneurs : un \u00e9v\u00e9nement qui vous concerne? &#8212; SADC r\u00e9gion de M\u00e9gantic","robots":{"index":"index","follow":"follow","max-snippet":"max-snippet:-1","max-image-preview":"max-image-preview:large","max-video-preview":"max-video-preview:-1"},"canonical":"https:\/\/www.sadcmegantic.ca\/en\/cocktail-des-nouveaux-entrepreneurs-un-evenement-qui-vous-concerne\/","og_locale":"en_US","og_type":"article","og_title":"Cocktail des nouveaux entrepreneurs : un \u00e9v\u00e9nement qui vous concerne? &#8212; SADC r\u00e9gion de M\u00e9gantic","og_description":"La septi\u00e8me \u00e9dition du Cocktail des nouveaux entrepreneurs se tiendra le 13 mai 2020 au Club de golf du lac M\u00e9gantic. Elle se d\u00e9roulera sous la pr\u00e9sidence d\u2019honneur de monsieur [&hellip;]","og_url":"https:\/\/www.sadcmegantic.ca\/en\/cocktail-des-nouveaux-entrepreneurs-un-evenement-qui-vous-concerne\/","og_site_name":"SADC r\u00e9gion de M\u00e9gantic","article_publisher":"https:\/\/www.facebook.com\/sadcmegantic\/","article_published_time":"2020-02-04T18:07:11+00:00","author":"programmationsr","twitter_card":"summary_large_image","twitter_misc":{"Written by":"programmationsr","Est. reading time":"2 minutes"},"schema":{"@context":"https:\/\/schema.org","@graph":[{"@type":"Article","@id":"https:\/\/www.sadcmegantic.ca\/en\/cocktail-des-nouveaux-entrepreneurs-un-evenement-qui-vous-concerne\/#article","isPartOf":{"@id":"https:\/\/www.sadcmegantic.ca\/en\/cocktail-des-nouveaux-entrepreneurs-un-evenement-qui-vous-concerne\/"},"author":{"name":"programmationsr","@id":"https:\/\/www.sadcmegantic.ca\/en\/#\/schema\/person\/ae7ae952db35be3441cb874ca432f3a0"},"headline":"Cocktail des nouveaux entrepreneurs : un \u00e9v\u00e9nement qui vous concerne?","datePublished":"2020-02-04T18:07:11+00:00","mainEntityOfPage":{"@id":"https:\/\/www.sadcmegantic.ca\/en\/cocktail-des-nouveaux-entrepreneurs-un-evenement-qui-vous-concerne\/"},"wordCount":488,"commentCount":0,"publisher":{"@id":"https:\/\/www.sadcmegantic.ca\/en\/#organization"},"image":{"@id":"https:\/\/www.sadcmegantic.ca\/en\/cocktail-des-nouveaux-entrepreneurs-un-evenement-qui-vous-concerne\/#primaryimage"},"thumbnailUrl":"https:\/\/www.sadcmegantic.ca\/wp-content\/uploads\/2020\/03\/comit\u00e9-Cocktail-NE-2020-avec-president-honneur.jpg","articleSection":["Communiqu\u00e9s"],"inLanguage":"en-US","potentialAction":[{"@type":"CommentAction","name":"Comment","target":["https:\/\/www.sadcmegantic.ca\/en\/cocktail-des-nouveaux-entrepreneurs-un-evenement-qui-vous-concerne\/#respond"]}]},{"@type":"WebPage","@id":"https:\/\/www.sadcmegantic.ca\/en\/cocktail-des-nouveaux-entrepreneurs-un-evenement-qui-vous-concerne\/","url":"https:\/\/www.sadcmegantic.ca\/en\/cocktail-des-nouveaux-entrepreneurs-un-evenement-qui-vous-concerne\/","name":"Cocktail des nouveaux entrepreneurs : un \u00e9v\u00e9nement qui vous concerne? &#8212; SADC r\u00e9gion de M\u00e9gantic","isPartOf":{"@id":"https:\/\/www.sadcmegantic.ca\/en\/#website"},"primaryImageOfPage":{"@id":"https:\/\/www.sadcmegantic.ca\/en\/cocktail-des-nouveaux-entrepreneurs-un-evenement-qui-vous-concerne\/#primaryimage"},"image":{"@id":"https:\/\/www.sadcmegantic.ca\/en\/cocktail-des-nouveaux-entrepreneurs-un-evenement-qui-vous-concerne\/#primaryimage"},"thumbnailUrl":"https:\/\/www.sadcmegantic.ca\/wp-content\/uploads\/2020\/03\/comit\u00e9-Cocktail-NE-2020-avec-president-honneur.jpg","datePublished":"2020-02-04T18:07:11+00:00","breadcrumb":{"@id":"https:\/\/www.sadcmegantic.ca\/en\/cocktail-des-nouveaux-entrepreneurs-un-evenement-qui-vous-concerne\/#breadcrumb"},"inLanguage":"en-US","potentialAction":[{"@type":"ReadAction","target":["https:\/\/www.sadcmegantic.ca\/en\/cocktail-des-nouveaux-entrepreneurs-un-evenement-qui-vous-concerne\/"]}]},{"@type":"ImageObject","inLanguage":"en-US","@id":"https:\/\/www.sadcmegantic.ca\/en\/cocktail-des-nouveaux-entrepreneurs-un-evenement-qui-vous-concerne\/#primaryimage","url":"https:\/\/www.sadcmegantic.ca\/wp-content\/uploads\/2020\/03\/comit\u00e9-Cocktail-NE-2020-avec-president-honneur.jpg","contentUrl":"https:\/\/www.sadcmegantic.ca\/wp-content\/uploads\/2020\/03\/comit\u00e9-Cocktail-NE-2020-avec-president-honneur.jpg","width":2560,"height":1920},{"@type":"BreadcrumbList","@id":"https:\/\/www.sadcmegantic.ca\/en\/cocktail-des-nouveaux-entrepreneurs-un-evenement-qui-vous-concerne\/#breadcrumb","itemListElement":[{"@type":"ListItem","position":1,"name":"Accueil","item":"https:\/\/www.sadcmegantic.ca\/en\/"},{"@type":"ListItem","position":2,"name":"Cocktail des nouveaux entrepreneurs : un \u00e9v\u00e9nement qui vous concerne?"}]},{"@type":"WebSite","@id":"https:\/\/www.sadcmegantic.ca\/en\/#website","url":"https:\/\/www.sadcmegantic.ca\/en\/","name":"SADC r\u00e9gion de Lac-M\u00e9gantic","description":"40 years of support, financing and development","publisher":{"@id":"https:\/\/www.sadcmegantic.ca\/en\/#organization"},"potentialAction":[{"@type":"SearchAction","target":{"@type":"EntryPoint","urlTemplate":"https:\/\/www.sadcmegantic.ca\/en\/?s={search_term_string}"},"query-input":{"@type":"PropertyValueSpecification","valueRequired":true,"valueName":"search_term_string"}}],"inLanguage":"en-US"},{"@type":"Organization","@id":"https:\/\/www.sadcmegantic.ca\/en\/#organization","name":"SADC r\u00e9gion de M\u00e9gantic","url":"https:\/\/www.sadcmegantic.ca\/en\/","logo":{"@type":"ImageObject","inLanguage":"en-US","@id":"https:\/\/www.sadcmegantic.ca\/en\/#\/schema\/logo\/image\/","url":"https:\/\/www.sadcmegantic.ca\/wp-content\/uploads\/2020\/01\/logo-sadc-region-de-megantic-e1579289570938.png","contentUrl":"https:\/\/www.sadcmegantic.ca\/wp-content\/uploads\/2020\/01\/logo-sadc-region-de-megantic-e1579289570938.png","width":171,"height":80,"caption":"SADC r\u00e9gion de M\u00e9gantic"},"image":{"@id":"https:\/\/www.sadcmegantic.ca\/en\/#\/schema\/logo\/image\/"},"sameAs":["https:\/\/www.facebook.com\/sadcmegantic\/"]},{"@type":"Person","@id":"https:\/\/www.sadcmegantic.ca\/en\/#\/schema\/person\/ae7ae952db35be3441cb874ca432f3a0","name":"programmationsr","image":{"@type":"ImageObject","inLanguage":"en-US","@id":"https:\/\/www.sadcmegantic.ca\/en\/#\/schema\/person\/image\/","url":"https:\/\/secure.gravatar.com\/avatar\/9643b864b4169c0181639ea70fb845dc?s=96&d=mm&r=g","contentUrl":"https:\/\/secure.gravatar.com\/avatar\/9643b864b4169c0181639ea70fb845dc?s=96&d=mm&r=g","caption":"programmationsr"}}]}},"_links":{"self":[{"href":"https:\/\/www.sadcmegantic.ca\/en\/wp-json\/wp\/v2\/posts\/9634","targetHints":{"allow":["GET"]}}],"collection":[{"href":"https:\/\/www.sadcmegantic.ca\/en\/wp-json\/wp\/v2\/posts"}],"about":[{"href":"https:\/\/www.sadcmegantic.ca\/en\/wp-json\/wp\/v2\/types\/post"}],"author":[{"embeddable":true,"href":"https:\/\/www.sadcmegantic.ca\/en\/wp-json\/wp\/v2\/users\/1"}],"replies":[{"embeddable":true,"href":"https:\/\/www.sadcmegantic.ca\/en\/wp-json\/wp\/v2\/comments?post=9634"}],"version-history":[{"count":0,"href":"https:\/\/www.sadcmegantic.ca\/en\/wp-json\/wp\/v2\/posts\/9634\/revisions"}],"wp:featuredmedia":[{"embeddable":true,"href":"https:\/\/www.sadcmegantic.ca\/en\/wp-json\/wp\/v2\/media\/3294"}],"wp:attachment":[{"href":"https:\/\/www.sadcmegantic.ca\/en\/wp-json\/wp\/v2\/media?parent=9634"}],"wp:term":[{"taxonomy":"category","embeddable":true,"href":"https:\/\/www.sadcmegantic.ca\/en\/wp-json\/wp\/v2\/categories?post=9634"},{"taxonomy":"post_tag","embeddable":true,"href":"https:\/\/www.sadcmegantic.ca\/en\/wp-json\/wp\/v2\/tags?post=9634"}],"curies":[{"name":"wp","href":"https:\/\/api.w.org\/{rel}","templated":true}]}}