{"id":9602,"date":"2021-01-06T09:07:36","date_gmt":"2021-01-06T14:07:36","guid":{"rendered":"https:\/\/www.sadcmegantic.ca\/la-sadc-region-de-megantic-soutient-la-releve-de-la-clinique-veterinaire-du-lac\/"},"modified":"2021-01-06T09:07:36","modified_gmt":"2021-01-06T14:07:36","slug":"la-sadc-region-de-megantic-soutient-la-releve-de-la-clinique-veterinaire-du-lac","status":"publish","type":"post","link":"https:\/\/www.sadcmegantic.ca\/en\/la-sadc-region-de-megantic-soutient-la-releve-de-la-clinique-veterinaire-du-lac\/","title":{"rendered":"La SADC r\u00e9gion de M\u00e9gantic soutient la rel\u00e8ve de la Clinique v\u00e9t\u00e9rinaire du Lac"},"content":{"rendered":"<p>Fond\u00e9e en 1987, la Clinique v\u00e9t\u00e9rinaire du Lac devient la propri\u00e9t\u00e9 unique de Marie Lavoie qui y travaillait depuis une douzaine d\u2019ann\u00e9es.\u00a0\u00a0 Forte de son exp\u00e9rience, Mme Lavoie consacrera ses efforts et son dynamisme \u00e0 maintenir et d\u00e9velopper les services de soins de sant\u00e9 animale pour la client\u00e8le de la r\u00e9gion de M\u00e9gantic.<\/p>\n<p>\u00abJe prends maintenant le flambeau afin d\u2019assurer la continuit\u00e9 de cette belle clinique de quartier, me faisant un point d\u2019honneur d\u2019offrir un service personnalis\u00e9 de qualit\u00e9.\u00bb a-t-elle comment\u00e9.<\/p>\n<p>La Clinique offre les soins v\u00e9t\u00e9rinaires suivants : chirurgie, m\u00e9decine, hospitalisation, dentisterie, radiologie, h\u00e9matologie, biochimie, urologie, comportement et nutrition.\u00a0 Ces services sont offerts cinq jours par semaine, avec un service d\u2019urgence en soir\u00e9e sur appel.\u00a0 \u00a0Trois techniciennes en sant\u00e9 animale et un autre v\u00e9t\u00e9rinaire compl\u00e8tent l\u2019\u00e9quipe de professionnelles avec Mme Lavoie.<\/p>\n<p>Situ\u00e9e sur la rue Laval \u00e0 Lac-M\u00e9gantic, la clinique ajoutera prochainement la radiologie num\u00e9rique et le micro-pu\u00e7age pour animaux domestiques \u00e0 sa gamme de services, et informatisera compl\u00e8tement ses dossiers m\u00e9dicaux.<\/p>\n<p>Le transfert de propri\u00e9t\u00e9 a \u00e9t\u00e9 rendu possible gr\u00e2ce au partenariat financier de la Banque Nationale du Canada, de la SADC r\u00e9gion de M\u00e9gantic par un pr\u00eat du <em>Fonds d\u2019investissement pour la relance \u00e9conomique et commerciale de Lac-M\u00e9gantic<\/em> et de la SDE du Granit.\u00a0\u00a0 De plus, par ses services-conseil, la SADC a offert un accompagnement continu dans le processus de rel\u00e8ve.<\/p>\n","protected":false},"excerpt":{"rendered":"<p>Fond\u00e9e en 1987, la Clinique v\u00e9t\u00e9rinaire du Lac devient la propri\u00e9t\u00e9 unique de Marie Lavoie qui y travaillait depuis une douzaine d\u2019ann\u00e9es.\u00a0\u00a0 Forte de son exp\u00e9rience, Mme Lavoie consacrera ses [&hellip;]<\/p>\n","protected":false},"author":2,"featured_media":8569,"comment_status":"closed","ping_status":"closed","sticky":false,"template":"","format":"standard","meta":{"footnotes":""},"categories":[94],"tags":[97],"class_list":["post-9602","post","type-post","status-publish","format-standard","has-post-thumbnail","hentry","category-communiques-en","tag-releve-en"],"yoast_head":"<!-- This site is optimized with the Yoast SEO plugin v24.6 - https:\/\/yoast.com\/wordpress\/plugins\/seo\/ -->\n<title>La SADC r\u00e9gion de M\u00e9gantic soutient la rel\u00e8ve de la Clinique v\u00e9t\u00e9rinaire du Lac &#8212; SADC r\u00e9gion de M\u00e9gantic<\/title>\n<meta name=\"robots\" content=\"index, follow, max-snippet:-1, max-image-preview:large, max-video-preview:-1\" \/>\n<link rel=\"canonical\" href=\"https:\/\/www.sadcmegantic.ca\/en\/la-sadc-region-de-megantic-soutient-la-releve-de-la-clinique-veterinaire-du-lac\/\" \/>\n<meta property=\"og:locale\" content=\"en_US\" \/>\n<meta property=\"og:type\" content=\"article\" \/>\n<meta property=\"og:title\" content=\"La SADC r\u00e9gion de M\u00e9gantic soutient la rel\u00e8ve de la Clinique v\u00e9t\u00e9rinaire du Lac &#8212; SADC r\u00e9gion de M\u00e9gantic\" \/>\n<meta property=\"og:description\" content=\"Fond\u00e9e en 1987, la Clinique v\u00e9t\u00e9rinaire du Lac devient la propri\u00e9t\u00e9 unique de Marie Lavoie qui y travaillait depuis une douzaine d\u2019ann\u00e9es.\u00a0\u00a0 Forte de son exp\u00e9rience, Mme Lavoie consacrera ses [&hellip;]\" \/>\n<meta property=\"og:url\" content=\"https:\/\/www.sadcmegantic.ca\/en\/la-sadc-region-de-megantic-soutient-la-releve-de-la-clinique-veterinaire-du-lac\/\" \/>\n<meta property=\"og:site_name\" content=\"SADC r\u00e9gion de M\u00e9gantic\" \/>\n<meta property=\"article:publisher\" content=\"https:\/\/www.facebook.com\/sadcmegantic\/\" \/>\n<meta property=\"article:published_time\" content=\"2021-01-06T14:07:36+00:00\" \/>\n<meta name=\"author\" content=\"Sonia Pag\u00e9\" \/>\n<meta name=\"twitter:card\" content=\"summary_large_image\" \/>\n<meta name=\"twitter:label1\" content=\"Written by\" \/>\n\t<meta name=\"twitter:data1\" content=\"Sonia Pag\u00e9\" \/>\n\t<meta name=\"twitter:label2\" content=\"Est. reading time\" \/>\n\t<meta name=\"twitter:data2\" content=\"1 minute\" \/>\n<script type=\"application\/ld+json\" class=\"yoast-schema-graph\">{\"@context\":\"https:\/\/schema.org\",\"@graph\":[{\"@type\":\"Article\",\"@id\":\"https:\/\/www.sadcmegantic.ca\/en\/la-sadc-region-de-megantic-soutient-la-releve-de-la-clinique-veterinaire-du-lac\/#article\",\"isPartOf\":{\"@id\":\"https:\/\/www.sadcmegantic.ca\/en\/la-sadc-region-de-megantic-soutient-la-releve-de-la-clinique-veterinaire-du-lac\/\"},\"author\":{\"name\":\"Sonia Pag\u00e9\",\"@id\":\"https:\/\/www.sadcmegantic.ca\/en\/#\/schema\/person\/3726fb48074031b28fc3ca94f3012a87\"},\"headline\":\"La SADC r\u00e9gion de M\u00e9gantic soutient la rel\u00e8ve de la Clinique v\u00e9t\u00e9rinaire du Lac\",\"datePublished\":\"2021-01-06T14:07:36+00:00\",\"mainEntityOfPage\":{\"@id\":\"https:\/\/www.sadcmegantic.ca\/en\/la-sadc-region-de-megantic-soutient-la-releve-de-la-clinique-veterinaire-du-lac\/\"},\"wordCount\":276,\"publisher\":{\"@id\":\"https:\/\/www.sadcmegantic.ca\/en\/#organization\"},\"image\":{\"@id\":\"https:\/\/www.sadcmegantic.ca\/en\/la-sadc-region-de-megantic-soutient-la-releve-de-la-clinique-veterinaire-du-lac\/#primaryimage\"},\"thumbnailUrl\":\"https:\/\/www.sadcmegantic.ca\/wp-content\/uploads\/2021\/01\/clinique.png\",\"keywords\":[\"rel\u00e8ve\"],\"articleSection\":[\"Communiqu\u00e9s\"],\"inLanguage\":\"en-US\"},{\"@type\":\"WebPage\",\"@id\":\"https:\/\/www.sadcmegantic.ca\/en\/la-sadc-region-de-megantic-soutient-la-releve-de-la-clinique-veterinaire-du-lac\/\",\"url\":\"https:\/\/www.sadcmegantic.ca\/en\/la-sadc-region-de-megantic-soutient-la-releve-de-la-clinique-veterinaire-du-lac\/\",\"name\":\"La SADC r\u00e9gion de M\u00e9gantic soutient la rel\u00e8ve de la Clinique v\u00e9t\u00e9rinaire du Lac &#8212; SADC r\u00e9gion de M\u00e9gantic\",\"isPartOf\":{\"@id\":\"https:\/\/www.sadcmegantic.ca\/en\/#website\"},\"primaryImageOfPage\":{\"@id\":\"https:\/\/www.sadcmegantic.ca\/en\/la-sadc-region-de-megantic-soutient-la-releve-de-la-clinique-veterinaire-du-lac\/#primaryimage\"},\"image\":{\"@id\":\"https:\/\/www.sadcmegantic.ca\/en\/la-sadc-region-de-megantic-soutient-la-releve-de-la-clinique-veterinaire-du-lac\/#primaryimage\"},\"thumbnailUrl\":\"https:\/\/www.sadcmegantic.ca\/wp-content\/uploads\/2021\/01\/clinique.png\",\"datePublished\":\"2021-01-06T14:07:36+00:00\",\"breadcrumb\":{\"@id\":\"https:\/\/www.sadcmegantic.ca\/en\/la-sadc-region-de-megantic-soutient-la-releve-de-la-clinique-veterinaire-du-lac\/#breadcrumb\"},\"inLanguage\":\"en-US\",\"potentialAction\":[{\"@type\":\"ReadAction\",\"target\":[\"https:\/\/www.sadcmegantic.ca\/en\/la-sadc-region-de-megantic-soutient-la-releve-de-la-clinique-veterinaire-du-lac\/\"]}]},{\"@type\":\"ImageObject\",\"inLanguage\":\"en-US\",\"@id\":\"https:\/\/www.sadcmegantic.ca\/en\/la-sadc-region-de-megantic-soutient-la-releve-de-la-clinique-veterinaire-du-lac\/#primaryimage\",\"url\":\"https:\/\/www.sadcmegantic.ca\/wp-content\/uploads\/2021\/01\/clinique.png\",\"contentUrl\":\"https:\/\/www.sadcmegantic.ca\/wp-content\/uploads\/2021\/01\/clinique.png\",\"width\":960,\"height\":720},{\"@type\":\"BreadcrumbList\",\"@id\":\"https:\/\/www.sadcmegantic.ca\/en\/la-sadc-region-de-megantic-soutient-la-releve-de-la-clinique-veterinaire-du-lac\/#breadcrumb\",\"itemListElement\":[{\"@type\":\"ListItem\",\"position\":1,\"name\":\"Accueil\",\"item\":\"https:\/\/www.sadcmegantic.ca\/en\/\"},{\"@type\":\"ListItem\",\"position\":2,\"name\":\"La SADC r\u00e9gion de M\u00e9gantic soutient la rel\u00e8ve de la Clinique v\u00e9t\u00e9rinaire du Lac\"}]},{\"@type\":\"WebSite\",\"@id\":\"https:\/\/www.sadcmegantic.ca\/en\/#website\",\"url\":\"https:\/\/www.sadcmegantic.ca\/en\/\",\"name\":\"SADC r\u00e9gion de Lac-M\u00e9gantic\",\"description\":\"40 years of support, financing and development\",\"publisher\":{\"@id\":\"https:\/\/www.sadcmegantic.ca\/en\/#organization\"},\"potentialAction\":[{\"@type\":\"SearchAction\",\"target\":{\"@type\":\"EntryPoint\",\"urlTemplate\":\"https:\/\/www.sadcmegantic.ca\/en\/?s={search_term_string}\"},\"query-input\":{\"@type\":\"PropertyValueSpecification\",\"valueRequired\":true,\"valueName\":\"search_term_string\"}}],\"inLanguage\":\"en-US\"},{\"@type\":\"Organization\",\"@id\":\"https:\/\/www.sadcmegantic.ca\/en\/#organization\",\"name\":\"SADC r\u00e9gion de M\u00e9gantic\",\"url\":\"https:\/\/www.sadcmegantic.ca\/en\/\",\"logo\":{\"@type\":\"ImageObject\",\"inLanguage\":\"en-US\",\"@id\":\"https:\/\/www.sadcmegantic.ca\/en\/#\/schema\/logo\/image\/\",\"url\":\"https:\/\/www.sadcmegantic.ca\/wp-content\/uploads\/2020\/01\/logo-sadc-region-de-megantic-e1579289570938.png\",\"contentUrl\":\"https:\/\/www.sadcmegantic.ca\/wp-content\/uploads\/2020\/01\/logo-sadc-region-de-megantic-e1579289570938.png\",\"width\":171,\"height\":80,\"caption\":\"SADC r\u00e9gion de M\u00e9gantic\"},\"image\":{\"@id\":\"https:\/\/www.sadcmegantic.ca\/en\/#\/schema\/logo\/image\/\"},\"sameAs\":[\"https:\/\/www.facebook.com\/sadcmegantic\/\"]},{\"@type\":\"Person\",\"@id\":\"https:\/\/www.sadcmegantic.ca\/en\/#\/schema\/person\/3726fb48074031b28fc3ca94f3012a87\",\"name\":\"Sonia Pag\u00e9\",\"image\":{\"@type\":\"ImageObject\",\"inLanguage\":\"en-US\",\"@id\":\"https:\/\/www.sadcmegantic.ca\/en\/#\/schema\/person\/image\/\",\"url\":\"https:\/\/secure.gravatar.com\/avatar\/53d9156f0e75062b933ddf0cbd7b8466?s=96&d=mm&r=g\",\"contentUrl\":\"https:\/\/secure.gravatar.com\/avatar\/53d9156f0e75062b933ddf0cbd7b8466?s=96&d=mm&r=g\",\"caption\":\"Sonia Pag\u00e9\"}}]}<\/script>\n<!-- \/ Yoast SEO plugin. -->","yoast_head_json":{"title":"La SADC r\u00e9gion de M\u00e9gantic soutient la rel\u00e8ve de la Clinique v\u00e9t\u00e9rinaire du Lac &#8212; SADC r\u00e9gion de M\u00e9gantic","robots":{"index":"index","follow":"follow","max-snippet":"max-snippet:-1","max-image-preview":"max-image-preview:large","max-video-preview":"max-video-preview:-1"},"canonical":"https:\/\/www.sadcmegantic.ca\/en\/la-sadc-region-de-megantic-soutient-la-releve-de-la-clinique-veterinaire-du-lac\/","og_locale":"en_US","og_type":"article","og_title":"La SADC r\u00e9gion de M\u00e9gantic soutient la rel\u00e8ve de la Clinique v\u00e9t\u00e9rinaire du Lac &#8212; SADC r\u00e9gion de M\u00e9gantic","og_description":"Fond\u00e9e en 1987, la Clinique v\u00e9t\u00e9rinaire du Lac devient la propri\u00e9t\u00e9 unique de Marie Lavoie qui y travaillait depuis une douzaine d\u2019ann\u00e9es.\u00a0\u00a0 Forte de son exp\u00e9rience, Mme Lavoie consacrera ses [&hellip;]","og_url":"https:\/\/www.sadcmegantic.ca\/en\/la-sadc-region-de-megantic-soutient-la-releve-de-la-clinique-veterinaire-du-lac\/","og_site_name":"SADC r\u00e9gion de M\u00e9gantic","article_publisher":"https:\/\/www.facebook.com\/sadcmegantic\/","article_published_time":"2021-01-06T14:07:36+00:00","author":"Sonia Pag\u00e9","twitter_card":"summary_large_image","twitter_misc":{"Written by":"Sonia Pag\u00e9","Est. reading time":"1 minute"},"schema":{"@context":"https:\/\/schema.org","@graph":[{"@type":"Article","@id":"https:\/\/www.sadcmegantic.ca\/en\/la-sadc-region-de-megantic-soutient-la-releve-de-la-clinique-veterinaire-du-lac\/#article","isPartOf":{"@id":"https:\/\/www.sadcmegantic.ca\/en\/la-sadc-region-de-megantic-soutient-la-releve-de-la-clinique-veterinaire-du-lac\/"},"author":{"name":"Sonia Pag\u00e9","@id":"https:\/\/www.sadcmegantic.ca\/en\/#\/schema\/person\/3726fb48074031b28fc3ca94f3012a87"},"headline":"La SADC r\u00e9gion de M\u00e9gantic soutient la rel\u00e8ve de la Clinique v\u00e9t\u00e9rinaire du Lac","datePublished":"2021-01-06T14:07:36+00:00","mainEntityOfPage":{"@id":"https:\/\/www.sadcmegantic.ca\/en\/la-sadc-region-de-megantic-soutient-la-releve-de-la-clinique-veterinaire-du-lac\/"},"wordCount":276,"publisher":{"@id":"https:\/\/www.sadcmegantic.ca\/en\/#organization"},"image":{"@id":"https:\/\/www.sadcmegantic.ca\/en\/la-sadc-region-de-megantic-soutient-la-releve-de-la-clinique-veterinaire-du-lac\/#primaryimage"},"thumbnailUrl":"https:\/\/www.sadcmegantic.ca\/wp-content\/uploads\/2021\/01\/clinique.png","keywords":["rel\u00e8ve"],"articleSection":["Communiqu\u00e9s"],"inLanguage":"en-US"},{"@type":"WebPage","@id":"https:\/\/www.sadcmegantic.ca\/en\/la-sadc-region-de-megantic-soutient-la-releve-de-la-clinique-veterinaire-du-lac\/","url":"https:\/\/www.sadcmegantic.ca\/en\/la-sadc-region-de-megantic-soutient-la-releve-de-la-clinique-veterinaire-du-lac\/","name":"La SADC r\u00e9gion de M\u00e9gantic soutient la rel\u00e8ve de la Clinique v\u00e9t\u00e9rinaire du Lac &#8212; SADC r\u00e9gion de M\u00e9gantic","isPartOf":{"@id":"https:\/\/www.sadcmegantic.ca\/en\/#website"},"primaryImageOfPage":{"@id":"https:\/\/www.sadcmegantic.ca\/en\/la-sadc-region-de-megantic-soutient-la-releve-de-la-clinique-veterinaire-du-lac\/#primaryimage"},"image":{"@id":"https:\/\/www.sadcmegantic.ca\/en\/la-sadc-region-de-megantic-soutient-la-releve-de-la-clinique-veterinaire-du-lac\/#primaryimage"},"thumbnailUrl":"https:\/\/www.sadcmegantic.ca\/wp-content\/uploads\/2021\/01\/clinique.png","datePublished":"2021-01-06T14:07:36+00:00","breadcrumb":{"@id":"https:\/\/www.sadcmegantic.ca\/en\/la-sadc-region-de-megantic-soutient-la-releve-de-la-clinique-veterinaire-du-lac\/#breadcrumb"},"inLanguage":"en-US","potentialAction":[{"@type":"ReadAction","target":["https:\/\/www.sadcmegantic.ca\/en\/la-sadc-region-de-megantic-soutient-la-releve-de-la-clinique-veterinaire-du-lac\/"]}]},{"@type":"ImageObject","inLanguage":"en-US","@id":"https:\/\/www.sadcmegantic.ca\/en\/la-sadc-region-de-megantic-soutient-la-releve-de-la-clinique-veterinaire-du-lac\/#primaryimage","url":"https:\/\/www.sadcmegantic.ca\/wp-content\/uploads\/2021\/01\/clinique.png","contentUrl":"https:\/\/www.sadcmegantic.ca\/wp-content\/uploads\/2021\/01\/clinique.png","width":960,"height":720},{"@type":"BreadcrumbList","@id":"https:\/\/www.sadcmegantic.ca\/en\/la-sadc-region-de-megantic-soutient-la-releve-de-la-clinique-veterinaire-du-lac\/#breadcrumb","itemListElement":[{"@type":"ListItem","position":1,"name":"Accueil","item":"https:\/\/www.sadcmegantic.ca\/en\/"},{"@type":"ListItem","position":2,"name":"La SADC r\u00e9gion de M\u00e9gantic soutient la rel\u00e8ve de la Clinique v\u00e9t\u00e9rinaire du Lac"}]},{"@type":"WebSite","@id":"https:\/\/www.sadcmegantic.ca\/en\/#website","url":"https:\/\/www.sadcmegantic.ca\/en\/","name":"SADC r\u00e9gion de Lac-M\u00e9gantic","description":"40 years of support, financing and development","publisher":{"@id":"https:\/\/www.sadcmegantic.ca\/en\/#organization"},"potentialAction":[{"@type":"SearchAction","target":{"@type":"EntryPoint","urlTemplate":"https:\/\/www.sadcmegantic.ca\/en\/?s={search_term_string}"},"query-input":{"@type":"PropertyValueSpecification","valueRequired":true,"valueName":"search_term_string"}}],"inLanguage":"en-US"},{"@type":"Organization","@id":"https:\/\/www.sadcmegantic.ca\/en\/#organization","name":"SADC r\u00e9gion de M\u00e9gantic","url":"https:\/\/www.sadcmegantic.ca\/en\/","logo":{"@type":"ImageObject","inLanguage":"en-US","@id":"https:\/\/www.sadcmegantic.ca\/en\/#\/schema\/logo\/image\/","url":"https:\/\/www.sadcmegantic.ca\/wp-content\/uploads\/2020\/01\/logo-sadc-region-de-megantic-e1579289570938.png","contentUrl":"https:\/\/www.sadcmegantic.ca\/wp-content\/uploads\/2020\/01\/logo-sadc-region-de-megantic-e1579289570938.png","width":171,"height":80,"caption":"SADC r\u00e9gion de M\u00e9gantic"},"image":{"@id":"https:\/\/www.sadcmegantic.ca\/en\/#\/schema\/logo\/image\/"},"sameAs":["https:\/\/www.facebook.com\/sadcmegantic\/"]},{"@type":"Person","@id":"https:\/\/www.sadcmegantic.ca\/en\/#\/schema\/person\/3726fb48074031b28fc3ca94f3012a87","name":"Sonia Pag\u00e9","image":{"@type":"ImageObject","inLanguage":"en-US","@id":"https:\/\/www.sadcmegantic.ca\/en\/#\/schema\/person\/image\/","url":"https:\/\/secure.gravatar.com\/avatar\/53d9156f0e75062b933ddf0cbd7b8466?s=96&d=mm&r=g","contentUrl":"https:\/\/secure.gravatar.com\/avatar\/53d9156f0e75062b933ddf0cbd7b8466?s=96&d=mm&r=g","caption":"Sonia Pag\u00e9"}}]}},"_links":{"self":[{"href":"https:\/\/www.sadcmegantic.ca\/en\/wp-json\/wp\/v2\/posts\/9602","targetHints":{"allow":["GET"]}}],"collection":[{"href":"https:\/\/www.sadcmegantic.ca\/en\/wp-json\/wp\/v2\/posts"}],"about":[{"href":"https:\/\/www.sadcmegantic.ca\/en\/wp-json\/wp\/v2\/types\/post"}],"author":[{"embeddable":true,"href":"https:\/\/www.sadcmegantic.ca\/en\/wp-json\/wp\/v2\/users\/2"}],"replies":[{"embeddable":true,"href":"https:\/\/www.sadcmegantic.ca\/en\/wp-json\/wp\/v2\/comments?post=9602"}],"version-history":[{"count":0,"href":"https:\/\/www.sadcmegantic.ca\/en\/wp-json\/wp\/v2\/posts\/9602\/revisions"}],"wp:featuredmedia":[{"embeddable":true,"href":"https:\/\/www.sadcmegantic.ca\/en\/wp-json\/wp\/v2\/media\/8569"}],"wp:attachment":[{"href":"https:\/\/www.sadcmegantic.ca\/en\/wp-json\/wp\/v2\/media?parent=9602"}],"wp:term":[{"taxonomy":"category","embeddable":true,"href":"https:\/\/www.sadcmegantic.ca\/en\/wp-json\/wp\/v2\/categories?post=9602"},{"taxonomy":"post_tag","embeddable":true,"href":"https:\/\/www.sadcmegantic.ca\/en\/wp-json\/wp\/v2\/tags?post=9602"}],"curies":[{"name":"wp","href":"https:\/\/api.w.org\/{rel}","templated":true}]}}