{"id":9575,"date":"2021-08-16T16:18:32","date_gmt":"2021-08-16T20:18:32","guid":{"rendered":"https:\/\/www.sadcmegantic.ca\/la-region-de-megantic-laissons-nous-guider-par-notre-nature\/"},"modified":"2021-08-16T16:18:32","modified_gmt":"2021-08-16T20:18:32","slug":"la-region-de-megantic-laissons-nous-guider-par-notre-nature","status":"publish","type":"post","link":"https:\/\/www.sadcmegantic.ca\/en\/la-region-de-megantic-laissons-nous-guider-par-notre-nature\/","title":{"rendered":"La R\u00e9gion de M\u00e9gantic : \u00ab Laissons-nous guider par notre nature \u00bb"},"content":{"rendered":"<p>Les citoyennes et les citoyens de la R\u00e9gion de M\u00e9gantic pourront voir circuler d\u00e8s ce soir sur les m\u00e9dias sociaux une vid\u00e9o d\u2019inspiration visant \u00e0 susciter la fiert\u00e9, l\u2019\u00e9motion et l\u2019appropriation des caract\u00e9ristiques \u00e9voqu\u00e9es par la trame narrative de la marque territoriale.<\/p>\n<p><a href=\"https:\/\/www.facebook.com\/regionmegantic\/videos\/512342053060798\">La vid\u00e9o<\/a> vient donc mettre en valeur la richesse de la nature exceptionnelle de la r\u00e9gion de M\u00e9gantic et les caract\u00e9ristiques de sa population en illustrant des sc\u00e8nes de vie, des paysages connus et reconnus de la r\u00e9gion et ses particularit\u00e9s uniques.<\/p>\n<p>Poursuivant les d\u00e9marches pour doter la r\u00e9gion d\u2019une marque territoriale distinctive, le comit\u00e9 de travail compos\u00e9 de repr\u00e9sentants de divers organismes (Chambre de commerce R\u00e9gion de M\u00e9gantic, D\u00e9fi 2025, MRC du Granit, Soci\u00e9t\u00e9 d\u2019aide au d\u00e9veloppement de la collectivit\u00e9 (SADC) r\u00e9gion de M\u00e9gantic, Soci\u00e9t\u00e9 de d\u00e9veloppement \u00e9conomique du Granit (SDEG)) propose cet outil en invitant la population \u00e0 se laisser guider par leur nature en partageant la vid\u00e9o, mais \u00e9galement leur fiert\u00e9 et leur appartenance en ajoutant des commentaires \u00e0 partir des publications des diff\u00e9rents partenaires du projet.<\/p>\n","protected":false},"excerpt":{"rendered":"<p>Les citoyennes et les citoyens de la R\u00e9gion de M\u00e9gantic pourront voir circuler d\u00e8s ce soir sur les m\u00e9dias sociaux une vid\u00e9o d\u2019inspiration visant \u00e0 susciter la fiert\u00e9, l\u2019\u00e9motion et [&hellip;]<\/p>\n","protected":false},"author":2,"featured_media":0,"comment_status":"open","ping_status":"open","sticky":false,"template":"","format":"standard","meta":{"footnotes":""},"categories":[94],"tags":[],"class_list":["post-9575","post","type-post","status-publish","format-standard","hentry","category-communiques-en"],"yoast_head":"<!-- This site is optimized with the Yoast SEO plugin v24.6 - https:\/\/yoast.com\/wordpress\/plugins\/seo\/ -->\n<title>La R\u00e9gion de M\u00e9gantic : \u00ab Laissons-nous guider par notre nature \u00bb &#8212; SADC r\u00e9gion de M\u00e9gantic<\/title>\n<meta name=\"robots\" content=\"index, follow, max-snippet:-1, max-image-preview:large, max-video-preview:-1\" \/>\n<link rel=\"canonical\" href=\"https:\/\/www.sadcmegantic.ca\/en\/la-region-de-megantic-laissons-nous-guider-par-notre-nature\/\" \/>\n<meta property=\"og:locale\" content=\"en_US\" \/>\n<meta property=\"og:type\" content=\"article\" \/>\n<meta property=\"og:title\" content=\"La R\u00e9gion de M\u00e9gantic : \u00ab Laissons-nous guider par notre nature \u00bb &#8212; SADC r\u00e9gion de M\u00e9gantic\" \/>\n<meta property=\"og:description\" content=\"Les citoyennes et les citoyens de la R\u00e9gion de M\u00e9gantic pourront voir circuler d\u00e8s ce soir sur les m\u00e9dias sociaux une vid\u00e9o d\u2019inspiration visant \u00e0 susciter la fiert\u00e9, l\u2019\u00e9motion et [&hellip;]\" \/>\n<meta property=\"og:url\" content=\"https:\/\/www.sadcmegantic.ca\/en\/la-region-de-megantic-laissons-nous-guider-par-notre-nature\/\" \/>\n<meta property=\"og:site_name\" content=\"SADC r\u00e9gion de M\u00e9gantic\" \/>\n<meta property=\"article:publisher\" content=\"https:\/\/www.facebook.com\/sadcmegantic\/\" \/>\n<meta property=\"article:published_time\" content=\"2021-08-16T20:18:32+00:00\" \/>\n<meta name=\"author\" content=\"Sonia Pag\u00e9\" \/>\n<meta name=\"twitter:card\" content=\"summary_large_image\" \/>\n<meta name=\"twitter:label1\" content=\"Written by\" \/>\n\t<meta name=\"twitter:data1\" content=\"Sonia Pag\u00e9\" \/>\n\t<meta name=\"twitter:label2\" content=\"Est. reading time\" \/>\n\t<meta name=\"twitter:data2\" content=\"1 minute\" \/>\n<script type=\"application\/ld+json\" class=\"yoast-schema-graph\">{\"@context\":\"https:\/\/schema.org\",\"@graph\":[{\"@type\":\"Article\",\"@id\":\"https:\/\/www.sadcmegantic.ca\/en\/la-region-de-megantic-laissons-nous-guider-par-notre-nature\/#article\",\"isPartOf\":{\"@id\":\"https:\/\/www.sadcmegantic.ca\/en\/la-region-de-megantic-laissons-nous-guider-par-notre-nature\/\"},\"author\":{\"name\":\"Sonia Pag\u00e9\",\"@id\":\"https:\/\/www.sadcmegantic.ca\/en\/#\/schema\/person\/3726fb48074031b28fc3ca94f3012a87\"},\"headline\":\"La R\u00e9gion de M\u00e9gantic : \u00ab Laissons-nous guider par notre nature \u00bb\",\"datePublished\":\"2021-08-16T20:18:32+00:00\",\"mainEntityOfPage\":{\"@id\":\"https:\/\/www.sadcmegantic.ca\/en\/la-region-de-megantic-laissons-nous-guider-par-notre-nature\/\"},\"wordCount\":212,\"commentCount\":0,\"publisher\":{\"@id\":\"https:\/\/www.sadcmegantic.ca\/en\/#organization\"},\"articleSection\":[\"Communiqu\u00e9s\"],\"inLanguage\":\"en-US\",\"potentialAction\":[{\"@type\":\"CommentAction\",\"name\":\"Comment\",\"target\":[\"https:\/\/www.sadcmegantic.ca\/en\/la-region-de-megantic-laissons-nous-guider-par-notre-nature\/#respond\"]}]},{\"@type\":\"WebPage\",\"@id\":\"https:\/\/www.sadcmegantic.ca\/en\/la-region-de-megantic-laissons-nous-guider-par-notre-nature\/\",\"url\":\"https:\/\/www.sadcmegantic.ca\/en\/la-region-de-megantic-laissons-nous-guider-par-notre-nature\/\",\"name\":\"La R\u00e9gion de M\u00e9gantic : \u00ab Laissons-nous guider par notre nature \u00bb &#8212; SADC r\u00e9gion de M\u00e9gantic\",\"isPartOf\":{\"@id\":\"https:\/\/www.sadcmegantic.ca\/en\/#website\"},\"datePublished\":\"2021-08-16T20:18:32+00:00\",\"breadcrumb\":{\"@id\":\"https:\/\/www.sadcmegantic.ca\/en\/la-region-de-megantic-laissons-nous-guider-par-notre-nature\/#breadcrumb\"},\"inLanguage\":\"en-US\",\"potentialAction\":[{\"@type\":\"ReadAction\",\"target\":[\"https:\/\/www.sadcmegantic.ca\/en\/la-region-de-megantic-laissons-nous-guider-par-notre-nature\/\"]}]},{\"@type\":\"BreadcrumbList\",\"@id\":\"https:\/\/www.sadcmegantic.ca\/en\/la-region-de-megantic-laissons-nous-guider-par-notre-nature\/#breadcrumb\",\"itemListElement\":[{\"@type\":\"ListItem\",\"position\":1,\"name\":\"Accueil\",\"item\":\"https:\/\/www.sadcmegantic.ca\/en\/\"},{\"@type\":\"ListItem\",\"position\":2,\"name\":\"La R\u00e9gion de M\u00e9gantic : \u00ab Laissons-nous guider par notre nature \u00bb\"}]},{\"@type\":\"WebSite\",\"@id\":\"https:\/\/www.sadcmegantic.ca\/en\/#website\",\"url\":\"https:\/\/www.sadcmegantic.ca\/en\/\",\"name\":\"SADC r\u00e9gion de Lac-M\u00e9gantic\",\"description\":\"40 years of support, financing and development\",\"publisher\":{\"@id\":\"https:\/\/www.sadcmegantic.ca\/en\/#organization\"},\"potentialAction\":[{\"@type\":\"SearchAction\",\"target\":{\"@type\":\"EntryPoint\",\"urlTemplate\":\"https:\/\/www.sadcmegantic.ca\/en\/?s={search_term_string}\"},\"query-input\":{\"@type\":\"PropertyValueSpecification\",\"valueRequired\":true,\"valueName\":\"search_term_string\"}}],\"inLanguage\":\"en-US\"},{\"@type\":\"Organization\",\"@id\":\"https:\/\/www.sadcmegantic.ca\/en\/#organization\",\"name\":\"SADC r\u00e9gion de M\u00e9gantic\",\"url\":\"https:\/\/www.sadcmegantic.ca\/en\/\",\"logo\":{\"@type\":\"ImageObject\",\"inLanguage\":\"en-US\",\"@id\":\"https:\/\/www.sadcmegantic.ca\/en\/#\/schema\/logo\/image\/\",\"url\":\"https:\/\/www.sadcmegantic.ca\/wp-content\/uploads\/2020\/01\/logo-sadc-region-de-megantic-e1579289570938.png\",\"contentUrl\":\"https:\/\/www.sadcmegantic.ca\/wp-content\/uploads\/2020\/01\/logo-sadc-region-de-megantic-e1579289570938.png\",\"width\":171,\"height\":80,\"caption\":\"SADC r\u00e9gion de M\u00e9gantic\"},\"image\":{\"@id\":\"https:\/\/www.sadcmegantic.ca\/en\/#\/schema\/logo\/image\/\"},\"sameAs\":[\"https:\/\/www.facebook.com\/sadcmegantic\/\"]},{\"@type\":\"Person\",\"@id\":\"https:\/\/www.sadcmegantic.ca\/en\/#\/schema\/person\/3726fb48074031b28fc3ca94f3012a87\",\"name\":\"Sonia Pag\u00e9\",\"image\":{\"@type\":\"ImageObject\",\"inLanguage\":\"en-US\",\"@id\":\"https:\/\/www.sadcmegantic.ca\/en\/#\/schema\/person\/image\/\",\"url\":\"https:\/\/secure.gravatar.com\/avatar\/53d9156f0e75062b933ddf0cbd7b8466?s=96&d=mm&r=g\",\"contentUrl\":\"https:\/\/secure.gravatar.com\/avatar\/53d9156f0e75062b933ddf0cbd7b8466?s=96&d=mm&r=g\",\"caption\":\"Sonia Pag\u00e9\"}}]}<\/script>\n<!-- \/ Yoast SEO plugin. -->","yoast_head_json":{"title":"La R\u00e9gion de M\u00e9gantic : \u00ab Laissons-nous guider par notre nature \u00bb &#8212; SADC r\u00e9gion de M\u00e9gantic","robots":{"index":"index","follow":"follow","max-snippet":"max-snippet:-1","max-image-preview":"max-image-preview:large","max-video-preview":"max-video-preview:-1"},"canonical":"https:\/\/www.sadcmegantic.ca\/en\/la-region-de-megantic-laissons-nous-guider-par-notre-nature\/","og_locale":"en_US","og_type":"article","og_title":"La R\u00e9gion de M\u00e9gantic : \u00ab Laissons-nous guider par notre nature \u00bb &#8212; SADC r\u00e9gion de M\u00e9gantic","og_description":"Les citoyennes et les citoyens de la R\u00e9gion de M\u00e9gantic pourront voir circuler d\u00e8s ce soir sur les m\u00e9dias sociaux une vid\u00e9o d\u2019inspiration visant \u00e0 susciter la fiert\u00e9, l\u2019\u00e9motion et [&hellip;]","og_url":"https:\/\/www.sadcmegantic.ca\/en\/la-region-de-megantic-laissons-nous-guider-par-notre-nature\/","og_site_name":"SADC r\u00e9gion de M\u00e9gantic","article_publisher":"https:\/\/www.facebook.com\/sadcmegantic\/","article_published_time":"2021-08-16T20:18:32+00:00","author":"Sonia Pag\u00e9","twitter_card":"summary_large_image","twitter_misc":{"Written by":"Sonia Pag\u00e9","Est. reading time":"1 minute"},"schema":{"@context":"https:\/\/schema.org","@graph":[{"@type":"Article","@id":"https:\/\/www.sadcmegantic.ca\/en\/la-region-de-megantic-laissons-nous-guider-par-notre-nature\/#article","isPartOf":{"@id":"https:\/\/www.sadcmegantic.ca\/en\/la-region-de-megantic-laissons-nous-guider-par-notre-nature\/"},"author":{"name":"Sonia Pag\u00e9","@id":"https:\/\/www.sadcmegantic.ca\/en\/#\/schema\/person\/3726fb48074031b28fc3ca94f3012a87"},"headline":"La R\u00e9gion de M\u00e9gantic : \u00ab Laissons-nous guider par notre nature \u00bb","datePublished":"2021-08-16T20:18:32+00:00","mainEntityOfPage":{"@id":"https:\/\/www.sadcmegantic.ca\/en\/la-region-de-megantic-laissons-nous-guider-par-notre-nature\/"},"wordCount":212,"commentCount":0,"publisher":{"@id":"https:\/\/www.sadcmegantic.ca\/en\/#organization"},"articleSection":["Communiqu\u00e9s"],"inLanguage":"en-US","potentialAction":[{"@type":"CommentAction","name":"Comment","target":["https:\/\/www.sadcmegantic.ca\/en\/la-region-de-megantic-laissons-nous-guider-par-notre-nature\/#respond"]}]},{"@type":"WebPage","@id":"https:\/\/www.sadcmegantic.ca\/en\/la-region-de-megantic-laissons-nous-guider-par-notre-nature\/","url":"https:\/\/www.sadcmegantic.ca\/en\/la-region-de-megantic-laissons-nous-guider-par-notre-nature\/","name":"La R\u00e9gion de M\u00e9gantic : \u00ab Laissons-nous guider par notre nature \u00bb &#8212; SADC r\u00e9gion de M\u00e9gantic","isPartOf":{"@id":"https:\/\/www.sadcmegantic.ca\/en\/#website"},"datePublished":"2021-08-16T20:18:32+00:00","breadcrumb":{"@id":"https:\/\/www.sadcmegantic.ca\/en\/la-region-de-megantic-laissons-nous-guider-par-notre-nature\/#breadcrumb"},"inLanguage":"en-US","potentialAction":[{"@type":"ReadAction","target":["https:\/\/www.sadcmegantic.ca\/en\/la-region-de-megantic-laissons-nous-guider-par-notre-nature\/"]}]},{"@type":"BreadcrumbList","@id":"https:\/\/www.sadcmegantic.ca\/en\/la-region-de-megantic-laissons-nous-guider-par-notre-nature\/#breadcrumb","itemListElement":[{"@type":"ListItem","position":1,"name":"Accueil","item":"https:\/\/www.sadcmegantic.ca\/en\/"},{"@type":"ListItem","position":2,"name":"La R\u00e9gion de M\u00e9gantic : \u00ab Laissons-nous guider par notre nature \u00bb"}]},{"@type":"WebSite","@id":"https:\/\/www.sadcmegantic.ca\/en\/#website","url":"https:\/\/www.sadcmegantic.ca\/en\/","name":"SADC r\u00e9gion de Lac-M\u00e9gantic","description":"40 years of support, financing and development","publisher":{"@id":"https:\/\/www.sadcmegantic.ca\/en\/#organization"},"potentialAction":[{"@type":"SearchAction","target":{"@type":"EntryPoint","urlTemplate":"https:\/\/www.sadcmegantic.ca\/en\/?s={search_term_string}"},"query-input":{"@type":"PropertyValueSpecification","valueRequired":true,"valueName":"search_term_string"}}],"inLanguage":"en-US"},{"@type":"Organization","@id":"https:\/\/www.sadcmegantic.ca\/en\/#organization","name":"SADC r\u00e9gion de M\u00e9gantic","url":"https:\/\/www.sadcmegantic.ca\/en\/","logo":{"@type":"ImageObject","inLanguage":"en-US","@id":"https:\/\/www.sadcmegantic.ca\/en\/#\/schema\/logo\/image\/","url":"https:\/\/www.sadcmegantic.ca\/wp-content\/uploads\/2020\/01\/logo-sadc-region-de-megantic-e1579289570938.png","contentUrl":"https:\/\/www.sadcmegantic.ca\/wp-content\/uploads\/2020\/01\/logo-sadc-region-de-megantic-e1579289570938.png","width":171,"height":80,"caption":"SADC r\u00e9gion de M\u00e9gantic"},"image":{"@id":"https:\/\/www.sadcmegantic.ca\/en\/#\/schema\/logo\/image\/"},"sameAs":["https:\/\/www.facebook.com\/sadcmegantic\/"]},{"@type":"Person","@id":"https:\/\/www.sadcmegantic.ca\/en\/#\/schema\/person\/3726fb48074031b28fc3ca94f3012a87","name":"Sonia Pag\u00e9","image":{"@type":"ImageObject","inLanguage":"en-US","@id":"https:\/\/www.sadcmegantic.ca\/en\/#\/schema\/person\/image\/","url":"https:\/\/secure.gravatar.com\/avatar\/53d9156f0e75062b933ddf0cbd7b8466?s=96&d=mm&r=g","contentUrl":"https:\/\/secure.gravatar.com\/avatar\/53d9156f0e75062b933ddf0cbd7b8466?s=96&d=mm&r=g","caption":"Sonia Pag\u00e9"}}]}},"_links":{"self":[{"href":"https:\/\/www.sadcmegantic.ca\/en\/wp-json\/wp\/v2\/posts\/9575","targetHints":{"allow":["GET"]}}],"collection":[{"href":"https:\/\/www.sadcmegantic.ca\/en\/wp-json\/wp\/v2\/posts"}],"about":[{"href":"https:\/\/www.sadcmegantic.ca\/en\/wp-json\/wp\/v2\/types\/post"}],"author":[{"embeddable":true,"href":"https:\/\/www.sadcmegantic.ca\/en\/wp-json\/wp\/v2\/users\/2"}],"replies":[{"embeddable":true,"href":"https:\/\/www.sadcmegantic.ca\/en\/wp-json\/wp\/v2\/comments?post=9575"}],"version-history":[{"count":0,"href":"https:\/\/www.sadcmegantic.ca\/en\/wp-json\/wp\/v2\/posts\/9575\/revisions"}],"wp:attachment":[{"href":"https:\/\/www.sadcmegantic.ca\/en\/wp-json\/wp\/v2\/media?parent=9575"}],"wp:term":[{"taxonomy":"category","embeddable":true,"href":"https:\/\/www.sadcmegantic.ca\/en\/wp-json\/wp\/v2\/categories?post=9575"},{"taxonomy":"post_tag","embeddable":true,"href":"https:\/\/www.sadcmegantic.ca\/en\/wp-json\/wp\/v2\/tags?post=9575"}],"curies":[{"name":"wp","href":"https:\/\/api.w.org\/{rel}","templated":true}]}}