{"id":9521,"date":"2023-06-08T11:02:57","date_gmt":"2023-06-08T15:02:57","guid":{"rendered":"https:\/\/www.sadcmegantic.ca\/bilan-annuel-de-la-sadc-region-de-megantic-une-annee-axee-sur-la-releve-dentreprises-et-sur-le-soutien-au-secteur-touristique\/"},"modified":"2023-06-08T11:02:57","modified_gmt":"2023-06-08T15:02:57","slug":"bilan-annuel-de-la-sadc-region-de-megantic-une-annee-axee-sur-la-releve-dentreprises-et-sur-le-soutien-au-secteur-touristique","status":"publish","type":"post","link":"https:\/\/www.sadcmegantic.ca\/en\/bilan-annuel-de-la-sadc-region-de-megantic-une-annee-axee-sur-la-releve-dentreprises-et-sur-le-soutien-au-secteur-touristique\/","title":{"rendered":"Bilan annuel de la SADC r\u00e9gion de M\u00e9gantic : une ann\u00e9e ax\u00e9e sur la rel\u00e8ve d\u2019entreprises et sur le soutien au secteur touristique"},"content":{"rendered":"<p>A l\u2019occasion de sa 39<sup>e<\/sup> assembl\u00e9e g\u00e9n\u00e9rale annuelle, le pr\u00e9sident S\u00e9bastien Marchand et le directeur g\u00e9n\u00e9ral Marc Cantin ont pr\u00e9sent\u00e9 aux membres le bilan d\u2019une excellente ann\u00e9e en termes de d\u00e9veloppement pour la SADC r\u00e9gion de M\u00e9gantic.<\/p>\n<p>La SADC a investi 837 500 $ dans 22 projets d\u2019entreprises de la MRC du Granit gr\u00e2ce \u00e0 ses diff\u00e9rents fonds d\u2019investissement.\u00a0 De plus, gr\u00e2ce au fonds sp\u00e9cial Projet d\u2019aide aux petites entreprises touristiques rurales (PAPETR), l\u2019organisme de d\u00e9veloppement a pu soutenir 11 touristiques de la MRC du Granit dans leur relance pour renforcer leur comp\u00e9titivit\u00e9 et attractivit\u00e9, repr\u00e9sentant un montant total de 270\u00a0947 $.<\/p>\n<p>La SADC r\u00e9gion de M\u00e9gantic a \u00e9galement \u00e9t\u00e9 tr\u00e8s active dans le domaine de la rel\u00e8ve entrepreneuriale, notamment par l\u2019organisation d\u2019une journ\u00e9e d\u00e9di\u00e9e \u00e0 la rel\u00e8ve d&#8217;entreprise en collaboration avec la Chambre de commerce et d&#8217;industrie de la r\u00e9gion de M\u00e9gantic et le Centre de transfert aux entreprises du Qu\u00e9bec. Cette activit\u00e9 a permis de sensibiliser les entrepreneurs aux enjeux et aux \u00e9tapes du processus de reprise d&#8217;une entreprise, ainsi que de leur offrir des outils et des ressources pour concr\u00e9tiser leur projet. Tout au long de l\u2019ann\u00e9e, l\u2019\u00e9quipe a offert un accompagnement personnalis\u00e9 aux c\u00e9dants et aux repreneurs, afin de faciliter les transactions et d&#8217;assurer la p\u00e9rennit\u00e9 des entreprises.<\/p>\n<p>En 2022-2023, la SADC a investi 70\u00a0385 $ dans 17 projets soutenus ou initi\u00e9s en d\u00e9veloppement local \u00e0 travers la MRC.\u00a0 De ce c\u00f4t\u00e9 aussi, le secteur du tourisme a \u00e9t\u00e9 \u00e0 l\u2019honneur par des contributions financi\u00e8res totalisant 18\u00a0250 $ repr\u00e9sentant une proportion de 61% des montants accord\u00e9s aux projets issus du milieu. Parmi ses nombreuses implications, la SADC a continu\u00e9 \u00e0 s\u2019investir activement dans la d\u00e9marche de d\u00e9veloppement du Syst\u00e8me alimentaire territorial, la transition \u00e9nerg\u00e9tique de la Ville de Lac-M\u00e9gantic ou la mise en \u0153uvre du programme Virage vert en soutien aux entreprises pour am\u00e9liorer leurs pratiques en d\u00e9veloppement durable.<\/p>\n<p>Finalement, gr\u00e2ce au Fonds d\u2019infrastructures communautaires pour Lac-M\u00e9gantic, quatre projets ont re\u00e7u une contribution financi\u00e8re au cours de l\u2019ann\u00e9e, dont Quartier Artisan pour l\u2019am\u00e9nagement de ses locaux pour l\u2019animation de la communaut\u00e9 et le tableau indicateur au terrain de baseball.\u00a0 Le total d\u00e9bours\u00e9 correspond ainsi \u00e0 un montant de 165\u00a0566 $.<\/p>\n<p style=\"text-align: center;\">&#8211; 30 &#8211;<\/p>\n<p>&nbsp;<\/p>\n<p>&nbsp;<\/p>\n<p>&nbsp;<\/p>\n","protected":false},"excerpt":{"rendered":"<p>A l\u2019occasion de sa 39e assembl\u00e9e g\u00e9n\u00e9rale annuelle, le pr\u00e9sident S\u00e9bastien Marchand et le directeur g\u00e9n\u00e9ral Marc Cantin ont pr\u00e9sent\u00e9 aux membres le bilan d\u2019une excellente ann\u00e9e en termes de [&hellip;]<\/p>\n","protected":false},"author":2,"featured_media":8967,"comment_status":"open","ping_status":"open","sticky":false,"template":"","format":"standard","meta":{"footnotes":""},"categories":[94],"tags":[],"class_list":["post-9521","post","type-post","status-publish","format-standard","has-post-thumbnail","hentry","category-communiques-en"],"yoast_head":"<!-- This site is optimized with the Yoast SEO plugin v24.6 - https:\/\/yoast.com\/wordpress\/plugins\/seo\/ -->\n<title>Bilan annuel de la SADC r\u00e9gion de M\u00e9gantic : une ann\u00e9e ax\u00e9e sur la rel\u00e8ve d\u2019entreprises et sur le soutien au secteur touristique &#8212; SADC r\u00e9gion de M\u00e9gantic<\/title>\n<meta name=\"robots\" content=\"index, follow, max-snippet:-1, max-image-preview:large, max-video-preview:-1\" \/>\n<link rel=\"canonical\" href=\"https:\/\/www.sadcmegantic.ca\/en\/bilan-annuel-de-la-sadc-region-de-megantic-une-annee-axee-sur-la-releve-dentreprises-et-sur-le-soutien-au-secteur-touristique\/\" \/>\n<meta property=\"og:locale\" content=\"en_US\" \/>\n<meta property=\"og:type\" content=\"article\" \/>\n<meta property=\"og:title\" content=\"Bilan annuel de la SADC r\u00e9gion de M\u00e9gantic : une ann\u00e9e ax\u00e9e sur la rel\u00e8ve d\u2019entreprises et sur le soutien au secteur touristique &#8212; SADC r\u00e9gion de M\u00e9gantic\" \/>\n<meta property=\"og:description\" content=\"A l\u2019occasion de sa 39e assembl\u00e9e g\u00e9n\u00e9rale annuelle, le pr\u00e9sident S\u00e9bastien Marchand et le directeur g\u00e9n\u00e9ral Marc Cantin ont pr\u00e9sent\u00e9 aux membres le bilan d\u2019une excellente ann\u00e9e en termes de [&hellip;]\" \/>\n<meta property=\"og:url\" content=\"https:\/\/www.sadcmegantic.ca\/en\/bilan-annuel-de-la-sadc-region-de-megantic-une-annee-axee-sur-la-releve-dentreprises-et-sur-le-soutien-au-secteur-touristique\/\" \/>\n<meta property=\"og:site_name\" content=\"SADC r\u00e9gion de M\u00e9gantic\" \/>\n<meta property=\"article:publisher\" content=\"https:\/\/www.facebook.com\/sadcmegantic\/\" \/>\n<meta property=\"article:published_time\" content=\"2023-06-08T15:02:57+00:00\" \/>\n<meta name=\"author\" content=\"Sonia Pag\u00e9\" \/>\n<meta name=\"twitter:card\" content=\"summary_large_image\" \/>\n<meta name=\"twitter:label1\" content=\"Written by\" \/>\n\t<meta name=\"twitter:data1\" content=\"Sonia Pag\u00e9\" \/>\n\t<meta name=\"twitter:label2\" content=\"Est. reading time\" \/>\n\t<meta name=\"twitter:data2\" content=\"2 minutes\" \/>\n<script type=\"application\/ld+json\" class=\"yoast-schema-graph\">{\"@context\":\"https:\/\/schema.org\",\"@graph\":[{\"@type\":\"Article\",\"@id\":\"https:\/\/www.sadcmegantic.ca\/en\/bilan-annuel-de-la-sadc-region-de-megantic-une-annee-axee-sur-la-releve-dentreprises-et-sur-le-soutien-au-secteur-touristique\/#article\",\"isPartOf\":{\"@id\":\"https:\/\/www.sadcmegantic.ca\/en\/bilan-annuel-de-la-sadc-region-de-megantic-une-annee-axee-sur-la-releve-dentreprises-et-sur-le-soutien-au-secteur-touristique\/\"},\"author\":{\"name\":\"Sonia Pag\u00e9\",\"@id\":\"https:\/\/www.sadcmegantic.ca\/en\/#\/schema\/person\/3726fb48074031b28fc3ca94f3012a87\"},\"headline\":\"Bilan annuel de la SADC r\u00e9gion de M\u00e9gantic : une ann\u00e9e ax\u00e9e sur la rel\u00e8ve d\u2019entreprises et sur le soutien au secteur touristique\",\"datePublished\":\"2023-06-08T15:02:57+00:00\",\"mainEntityOfPage\":{\"@id\":\"https:\/\/www.sadcmegantic.ca\/en\/bilan-annuel-de-la-sadc-region-de-megantic-une-annee-axee-sur-la-releve-dentreprises-et-sur-le-soutien-au-secteur-touristique\/\"},\"wordCount\":446,\"commentCount\":0,\"publisher\":{\"@id\":\"https:\/\/www.sadcmegantic.ca\/en\/#organization\"},\"image\":{\"@id\":\"https:\/\/www.sadcmegantic.ca\/en\/bilan-annuel-de-la-sadc-region-de-megantic-une-annee-axee-sur-la-releve-dentreprises-et-sur-le-soutien-au-secteur-touristique\/#primaryimage\"},\"thumbnailUrl\":\"https:\/\/www.sadcmegantic.ca\/wp-content\/uploads\/2023\/06\/SADC-Megantic-SMarchand-president-MCantin-dg-scaled.jpg\",\"articleSection\":[\"Communiqu\u00e9s\"],\"inLanguage\":\"en-US\",\"potentialAction\":[{\"@type\":\"CommentAction\",\"name\":\"Comment\",\"target\":[\"https:\/\/www.sadcmegantic.ca\/en\/bilan-annuel-de-la-sadc-region-de-megantic-une-annee-axee-sur-la-releve-dentreprises-et-sur-le-soutien-au-secteur-touristique\/#respond\"]}]},{\"@type\":\"WebPage\",\"@id\":\"https:\/\/www.sadcmegantic.ca\/en\/bilan-annuel-de-la-sadc-region-de-megantic-une-annee-axee-sur-la-releve-dentreprises-et-sur-le-soutien-au-secteur-touristique\/\",\"url\":\"https:\/\/www.sadcmegantic.ca\/en\/bilan-annuel-de-la-sadc-region-de-megantic-une-annee-axee-sur-la-releve-dentreprises-et-sur-le-soutien-au-secteur-touristique\/\",\"name\":\"Bilan annuel de la SADC r\u00e9gion de M\u00e9gantic : une ann\u00e9e ax\u00e9e sur la rel\u00e8ve d\u2019entreprises et sur le soutien au secteur touristique &#8212; SADC r\u00e9gion de M\u00e9gantic\",\"isPartOf\":{\"@id\":\"https:\/\/www.sadcmegantic.ca\/en\/#website\"},\"primaryImageOfPage\":{\"@id\":\"https:\/\/www.sadcmegantic.ca\/en\/bilan-annuel-de-la-sadc-region-de-megantic-une-annee-axee-sur-la-releve-dentreprises-et-sur-le-soutien-au-secteur-touristique\/#primaryimage\"},\"image\":{\"@id\":\"https:\/\/www.sadcmegantic.ca\/en\/bilan-annuel-de-la-sadc-region-de-megantic-une-annee-axee-sur-la-releve-dentreprises-et-sur-le-soutien-au-secteur-touristique\/#primaryimage\"},\"thumbnailUrl\":\"https:\/\/www.sadcmegantic.ca\/wp-content\/uploads\/2023\/06\/SADC-Megantic-SMarchand-president-MCantin-dg-scaled.jpg\",\"datePublished\":\"2023-06-08T15:02:57+00:00\",\"breadcrumb\":{\"@id\":\"https:\/\/www.sadcmegantic.ca\/en\/bilan-annuel-de-la-sadc-region-de-megantic-une-annee-axee-sur-la-releve-dentreprises-et-sur-le-soutien-au-secteur-touristique\/#breadcrumb\"},\"inLanguage\":\"en-US\",\"potentialAction\":[{\"@type\":\"ReadAction\",\"target\":[\"https:\/\/www.sadcmegantic.ca\/en\/bilan-annuel-de-la-sadc-region-de-megantic-une-annee-axee-sur-la-releve-dentreprises-et-sur-le-soutien-au-secteur-touristique\/\"]}]},{\"@type\":\"ImageObject\",\"inLanguage\":\"en-US\",\"@id\":\"https:\/\/www.sadcmegantic.ca\/en\/bilan-annuel-de-la-sadc-region-de-megantic-une-annee-axee-sur-la-releve-dentreprises-et-sur-le-soutien-au-secteur-touristique\/#primaryimage\",\"url\":\"https:\/\/www.sadcmegantic.ca\/wp-content\/uploads\/2023\/06\/SADC-Megantic-SMarchand-president-MCantin-dg-scaled.jpg\",\"contentUrl\":\"https:\/\/www.sadcmegantic.ca\/wp-content\/uploads\/2023\/06\/SADC-Megantic-SMarchand-president-MCantin-dg-scaled.jpg\",\"width\":2560,\"height\":1244},{\"@type\":\"BreadcrumbList\",\"@id\":\"https:\/\/www.sadcmegantic.ca\/en\/bilan-annuel-de-la-sadc-region-de-megantic-une-annee-axee-sur-la-releve-dentreprises-et-sur-le-soutien-au-secteur-touristique\/#breadcrumb\",\"itemListElement\":[{\"@type\":\"ListItem\",\"position\":1,\"name\":\"Accueil\",\"item\":\"https:\/\/www.sadcmegantic.ca\/en\/\"},{\"@type\":\"ListItem\",\"position\":2,\"name\":\"Bilan annuel de la SADC r\u00e9gion de M\u00e9gantic : une ann\u00e9e ax\u00e9e sur la rel\u00e8ve d\u2019entreprises et sur le soutien au secteur touristique\"}]},{\"@type\":\"WebSite\",\"@id\":\"https:\/\/www.sadcmegantic.ca\/en\/#website\",\"url\":\"https:\/\/www.sadcmegantic.ca\/en\/\",\"name\":\"SADC r\u00e9gion de Lac-M\u00e9gantic\",\"description\":\"40 years of support, financing and development\",\"publisher\":{\"@id\":\"https:\/\/www.sadcmegantic.ca\/en\/#organization\"},\"potentialAction\":[{\"@type\":\"SearchAction\",\"target\":{\"@type\":\"EntryPoint\",\"urlTemplate\":\"https:\/\/www.sadcmegantic.ca\/en\/?s={search_term_string}\"},\"query-input\":{\"@type\":\"PropertyValueSpecification\",\"valueRequired\":true,\"valueName\":\"search_term_string\"}}],\"inLanguage\":\"en-US\"},{\"@type\":\"Organization\",\"@id\":\"https:\/\/www.sadcmegantic.ca\/en\/#organization\",\"name\":\"SADC r\u00e9gion de M\u00e9gantic\",\"url\":\"https:\/\/www.sadcmegantic.ca\/en\/\",\"logo\":{\"@type\":\"ImageObject\",\"inLanguage\":\"en-US\",\"@id\":\"https:\/\/www.sadcmegantic.ca\/en\/#\/schema\/logo\/image\/\",\"url\":\"https:\/\/www.sadcmegantic.ca\/wp-content\/uploads\/2020\/01\/logo-sadc-region-de-megantic-e1579289570938.png\",\"contentUrl\":\"https:\/\/www.sadcmegantic.ca\/wp-content\/uploads\/2020\/01\/logo-sadc-region-de-megantic-e1579289570938.png\",\"width\":171,\"height\":80,\"caption\":\"SADC r\u00e9gion de M\u00e9gantic\"},\"image\":{\"@id\":\"https:\/\/www.sadcmegantic.ca\/en\/#\/schema\/logo\/image\/\"},\"sameAs\":[\"https:\/\/www.facebook.com\/sadcmegantic\/\"]},{\"@type\":\"Person\",\"@id\":\"https:\/\/www.sadcmegantic.ca\/en\/#\/schema\/person\/3726fb48074031b28fc3ca94f3012a87\",\"name\":\"Sonia Pag\u00e9\",\"image\":{\"@type\":\"ImageObject\",\"inLanguage\":\"en-US\",\"@id\":\"https:\/\/www.sadcmegantic.ca\/en\/#\/schema\/person\/image\/\",\"url\":\"https:\/\/secure.gravatar.com\/avatar\/53d9156f0e75062b933ddf0cbd7b8466?s=96&d=mm&r=g\",\"contentUrl\":\"https:\/\/secure.gravatar.com\/avatar\/53d9156f0e75062b933ddf0cbd7b8466?s=96&d=mm&r=g\",\"caption\":\"Sonia Pag\u00e9\"}}]}<\/script>\n<!-- \/ Yoast SEO plugin. -->","yoast_head_json":{"title":"Bilan annuel de la SADC r\u00e9gion de M\u00e9gantic : une ann\u00e9e ax\u00e9e sur la rel\u00e8ve d\u2019entreprises et sur le soutien au secteur touristique &#8212; SADC r\u00e9gion de M\u00e9gantic","robots":{"index":"index","follow":"follow","max-snippet":"max-snippet:-1","max-image-preview":"max-image-preview:large","max-video-preview":"max-video-preview:-1"},"canonical":"https:\/\/www.sadcmegantic.ca\/en\/bilan-annuel-de-la-sadc-region-de-megantic-une-annee-axee-sur-la-releve-dentreprises-et-sur-le-soutien-au-secteur-touristique\/","og_locale":"en_US","og_type":"article","og_title":"Bilan annuel de la SADC r\u00e9gion de M\u00e9gantic : une ann\u00e9e ax\u00e9e sur la rel\u00e8ve d\u2019entreprises et sur le soutien au secteur touristique &#8212; SADC r\u00e9gion de M\u00e9gantic","og_description":"A l\u2019occasion de sa 39e assembl\u00e9e g\u00e9n\u00e9rale annuelle, le pr\u00e9sident S\u00e9bastien Marchand et le directeur g\u00e9n\u00e9ral Marc Cantin ont pr\u00e9sent\u00e9 aux membres le bilan d\u2019une excellente ann\u00e9e en termes de [&hellip;]","og_url":"https:\/\/www.sadcmegantic.ca\/en\/bilan-annuel-de-la-sadc-region-de-megantic-une-annee-axee-sur-la-releve-dentreprises-et-sur-le-soutien-au-secteur-touristique\/","og_site_name":"SADC r\u00e9gion de M\u00e9gantic","article_publisher":"https:\/\/www.facebook.com\/sadcmegantic\/","article_published_time":"2023-06-08T15:02:57+00:00","author":"Sonia Pag\u00e9","twitter_card":"summary_large_image","twitter_misc":{"Written by":"Sonia Pag\u00e9","Est. reading time":"2 minutes"},"schema":{"@context":"https:\/\/schema.org","@graph":[{"@type":"Article","@id":"https:\/\/www.sadcmegantic.ca\/en\/bilan-annuel-de-la-sadc-region-de-megantic-une-annee-axee-sur-la-releve-dentreprises-et-sur-le-soutien-au-secteur-touristique\/#article","isPartOf":{"@id":"https:\/\/www.sadcmegantic.ca\/en\/bilan-annuel-de-la-sadc-region-de-megantic-une-annee-axee-sur-la-releve-dentreprises-et-sur-le-soutien-au-secteur-touristique\/"},"author":{"name":"Sonia Pag\u00e9","@id":"https:\/\/www.sadcmegantic.ca\/en\/#\/schema\/person\/3726fb48074031b28fc3ca94f3012a87"},"headline":"Bilan annuel de la SADC r\u00e9gion de M\u00e9gantic : une ann\u00e9e ax\u00e9e sur la rel\u00e8ve d\u2019entreprises et sur le soutien au secteur touristique","datePublished":"2023-06-08T15:02:57+00:00","mainEntityOfPage":{"@id":"https:\/\/www.sadcmegantic.ca\/en\/bilan-annuel-de-la-sadc-region-de-megantic-une-annee-axee-sur-la-releve-dentreprises-et-sur-le-soutien-au-secteur-touristique\/"},"wordCount":446,"commentCount":0,"publisher":{"@id":"https:\/\/www.sadcmegantic.ca\/en\/#organization"},"image":{"@id":"https:\/\/www.sadcmegantic.ca\/en\/bilan-annuel-de-la-sadc-region-de-megantic-une-annee-axee-sur-la-releve-dentreprises-et-sur-le-soutien-au-secteur-touristique\/#primaryimage"},"thumbnailUrl":"https:\/\/www.sadcmegantic.ca\/wp-content\/uploads\/2023\/06\/SADC-Megantic-SMarchand-president-MCantin-dg-scaled.jpg","articleSection":["Communiqu\u00e9s"],"inLanguage":"en-US","potentialAction":[{"@type":"CommentAction","name":"Comment","target":["https:\/\/www.sadcmegantic.ca\/en\/bilan-annuel-de-la-sadc-region-de-megantic-une-annee-axee-sur-la-releve-dentreprises-et-sur-le-soutien-au-secteur-touristique\/#respond"]}]},{"@type":"WebPage","@id":"https:\/\/www.sadcmegantic.ca\/en\/bilan-annuel-de-la-sadc-region-de-megantic-une-annee-axee-sur-la-releve-dentreprises-et-sur-le-soutien-au-secteur-touristique\/","url":"https:\/\/www.sadcmegantic.ca\/en\/bilan-annuel-de-la-sadc-region-de-megantic-une-annee-axee-sur-la-releve-dentreprises-et-sur-le-soutien-au-secteur-touristique\/","name":"Bilan annuel de la SADC r\u00e9gion de M\u00e9gantic : une ann\u00e9e ax\u00e9e sur la rel\u00e8ve d\u2019entreprises et sur le soutien au secteur touristique &#8212; SADC r\u00e9gion de M\u00e9gantic","isPartOf":{"@id":"https:\/\/www.sadcmegantic.ca\/en\/#website"},"primaryImageOfPage":{"@id":"https:\/\/www.sadcmegantic.ca\/en\/bilan-annuel-de-la-sadc-region-de-megantic-une-annee-axee-sur-la-releve-dentreprises-et-sur-le-soutien-au-secteur-touristique\/#primaryimage"},"image":{"@id":"https:\/\/www.sadcmegantic.ca\/en\/bilan-annuel-de-la-sadc-region-de-megantic-une-annee-axee-sur-la-releve-dentreprises-et-sur-le-soutien-au-secteur-touristique\/#primaryimage"},"thumbnailUrl":"https:\/\/www.sadcmegantic.ca\/wp-content\/uploads\/2023\/06\/SADC-Megantic-SMarchand-president-MCantin-dg-scaled.jpg","datePublished":"2023-06-08T15:02:57+00:00","breadcrumb":{"@id":"https:\/\/www.sadcmegantic.ca\/en\/bilan-annuel-de-la-sadc-region-de-megantic-une-annee-axee-sur-la-releve-dentreprises-et-sur-le-soutien-au-secteur-touristique\/#breadcrumb"},"inLanguage":"en-US","potentialAction":[{"@type":"ReadAction","target":["https:\/\/www.sadcmegantic.ca\/en\/bilan-annuel-de-la-sadc-region-de-megantic-une-annee-axee-sur-la-releve-dentreprises-et-sur-le-soutien-au-secteur-touristique\/"]}]},{"@type":"ImageObject","inLanguage":"en-US","@id":"https:\/\/www.sadcmegantic.ca\/en\/bilan-annuel-de-la-sadc-region-de-megantic-une-annee-axee-sur-la-releve-dentreprises-et-sur-le-soutien-au-secteur-touristique\/#primaryimage","url":"https:\/\/www.sadcmegantic.ca\/wp-content\/uploads\/2023\/06\/SADC-Megantic-SMarchand-president-MCantin-dg-scaled.jpg","contentUrl":"https:\/\/www.sadcmegantic.ca\/wp-content\/uploads\/2023\/06\/SADC-Megantic-SMarchand-president-MCantin-dg-scaled.jpg","width":2560,"height":1244},{"@type":"BreadcrumbList","@id":"https:\/\/www.sadcmegantic.ca\/en\/bilan-annuel-de-la-sadc-region-de-megantic-une-annee-axee-sur-la-releve-dentreprises-et-sur-le-soutien-au-secteur-touristique\/#breadcrumb","itemListElement":[{"@type":"ListItem","position":1,"name":"Accueil","item":"https:\/\/www.sadcmegantic.ca\/en\/"},{"@type":"ListItem","position":2,"name":"Bilan annuel de la SADC r\u00e9gion de M\u00e9gantic : une ann\u00e9e ax\u00e9e sur la rel\u00e8ve d\u2019entreprises et sur le soutien au secteur touristique"}]},{"@type":"WebSite","@id":"https:\/\/www.sadcmegantic.ca\/en\/#website","url":"https:\/\/www.sadcmegantic.ca\/en\/","name":"SADC r\u00e9gion de Lac-M\u00e9gantic","description":"40 years of support, financing and development","publisher":{"@id":"https:\/\/www.sadcmegantic.ca\/en\/#organization"},"potentialAction":[{"@type":"SearchAction","target":{"@type":"EntryPoint","urlTemplate":"https:\/\/www.sadcmegantic.ca\/en\/?s={search_term_string}"},"query-input":{"@type":"PropertyValueSpecification","valueRequired":true,"valueName":"search_term_string"}}],"inLanguage":"en-US"},{"@type":"Organization","@id":"https:\/\/www.sadcmegantic.ca\/en\/#organization","name":"SADC r\u00e9gion de M\u00e9gantic","url":"https:\/\/www.sadcmegantic.ca\/en\/","logo":{"@type":"ImageObject","inLanguage":"en-US","@id":"https:\/\/www.sadcmegantic.ca\/en\/#\/schema\/logo\/image\/","url":"https:\/\/www.sadcmegantic.ca\/wp-content\/uploads\/2020\/01\/logo-sadc-region-de-megantic-e1579289570938.png","contentUrl":"https:\/\/www.sadcmegantic.ca\/wp-content\/uploads\/2020\/01\/logo-sadc-region-de-megantic-e1579289570938.png","width":171,"height":80,"caption":"SADC r\u00e9gion de M\u00e9gantic"},"image":{"@id":"https:\/\/www.sadcmegantic.ca\/en\/#\/schema\/logo\/image\/"},"sameAs":["https:\/\/www.facebook.com\/sadcmegantic\/"]},{"@type":"Person","@id":"https:\/\/www.sadcmegantic.ca\/en\/#\/schema\/person\/3726fb48074031b28fc3ca94f3012a87","name":"Sonia Pag\u00e9","image":{"@type":"ImageObject","inLanguage":"en-US","@id":"https:\/\/www.sadcmegantic.ca\/en\/#\/schema\/person\/image\/","url":"https:\/\/secure.gravatar.com\/avatar\/53d9156f0e75062b933ddf0cbd7b8466?s=96&d=mm&r=g","contentUrl":"https:\/\/secure.gravatar.com\/avatar\/53d9156f0e75062b933ddf0cbd7b8466?s=96&d=mm&r=g","caption":"Sonia Pag\u00e9"}}]}},"_links":{"self":[{"href":"https:\/\/www.sadcmegantic.ca\/en\/wp-json\/wp\/v2\/posts\/9521","targetHints":{"allow":["GET"]}}],"collection":[{"href":"https:\/\/www.sadcmegantic.ca\/en\/wp-json\/wp\/v2\/posts"}],"about":[{"href":"https:\/\/www.sadcmegantic.ca\/en\/wp-json\/wp\/v2\/types\/post"}],"author":[{"embeddable":true,"href":"https:\/\/www.sadcmegantic.ca\/en\/wp-json\/wp\/v2\/users\/2"}],"replies":[{"embeddable":true,"href":"https:\/\/www.sadcmegantic.ca\/en\/wp-json\/wp\/v2\/comments?post=9521"}],"version-history":[{"count":0,"href":"https:\/\/www.sadcmegantic.ca\/en\/wp-json\/wp\/v2\/posts\/9521\/revisions"}],"wp:featuredmedia":[{"embeddable":true,"href":"https:\/\/www.sadcmegantic.ca\/en\/wp-json\/wp\/v2\/media\/8967"}],"wp:attachment":[{"href":"https:\/\/www.sadcmegantic.ca\/en\/wp-json\/wp\/v2\/media?parent=9521"}],"wp:term":[{"taxonomy":"category","embeddable":true,"href":"https:\/\/www.sadcmegantic.ca\/en\/wp-json\/wp\/v2\/categories?post=9521"},{"taxonomy":"post_tag","embeddable":true,"href":"https:\/\/www.sadcmegantic.ca\/en\/wp-json\/wp\/v2\/tags?post=9521"}],"curies":[{"name":"wp","href":"https:\/\/api.w.org\/{rel}","templated":true}]}}